{"id":27225,"date":"2019-04-01T00:02:34","date_gmt":"2019-04-01T03:02:34","guid":{"rendered":"https:\/\/central42.com.br\/novo\/?p=27225"},"modified":"2019-04-01T00:04:57","modified_gmt":"2019-04-01T03:04:57","slug":"suspiria-a-danca-do-medo-diferenca","status":"publish","type":"post","link":"https:\/\/central42.com.br\/novo\/suspiria-a-danca-do-medo-diferenca\/","title":{"rendered":"&#8220;Suspiria &#8211; A Dan\u00e7a do Medo&#8221; e &#8220;Suspiria&#8221; | Similaridades e diferen\u00e7as"},"content":{"rendered":"<!-- Start Audima Widget Injection -->\n<div id=\"audimaWidget\"><\/div>\n<script src=\"https:\/\/audio.audima.co\/audima-widget.js\"><\/script>\n<!-- End Audima Widget Injection -->\n\n<p>Dia 24\/03 tive a oportunidade de ir \u00e0 Premi\u00e8re do filme <strong><em>Suspiria- A Dan\u00e7a do Medo<\/em><\/strong>. <\/p>\n\n\n\n<p>Ao receber o convite tive uma leve sensa\u00e7\u00e3o que conhecia outro filme com o mesmo nome e encontrei a vers\u00e3o de 1977 na minha lista de &#8220;Quero Ver&#8221; no Filmow. Infelizmente n\u00e3o consegui assisti-lo antes, mas at\u00e9 o final do texto voc\u00ea entender\u00e1 o porqu\u00ea acredito que n\u00e3o importa a ordem em que assistir.<\/p>\n\n\n\n<p>Falando um pouco mais sobre a Premi\u00e8re, ela aconteceu no tradicional Cine Marab\u00e1 no centro de S\u00e3o Paulo e a escolha do local foi muito apropriada devida sua arquitetura. Todo o ambiente foi decorado com luzes vermelhas piscantes, que j\u00e1 ajudaram a entrar no clima do filme enquanto entrava no espa\u00e7o. Durante a espera para o in\u00edcio do filme, no hall do cinema, uma mo\u00e7a come\u00e7ou a passar mal ao meu lado, tossindo muito, se chocou com  a coluna e depois caiu no ch\u00e3o. De v\u00e1rios lugares sa\u00edram outras mulheres que a arrastaram e houve uma cena de dan\u00e7a antes da sess\u00e3o. Palmas para a organiza\u00e7\u00e3o do evento.<\/p>\n\n\n\n<h3 class=\"wp-block-heading\">Suspiria &#8211; A Dan\u00e7a do Medo<\/h3>\n\n\n\n<p>Mas voltando ao filme &#8220;Suspiria &#8211; A dan\u00e7a do medo&#8221;. A hist\u00f3ria se passa no ano de lan\u00e7amento do primeiro filme 1977. E passa em uma escola de dan\u00e7a na Berlim dividida, assim como &#8220;Suspiria (1977)&#8221;. As personagens s\u00e3o praticamente as mesmas em ambos os filmes. Por\u00e9m, as similaridades param por aqui. Apesar disso tudo as tramas andam em caminhos bem diferentes.<\/p>\n\n\n\n<div class=\"wp-block-image\"><figure class=\"alignright is-resized\"><img fetchpriority=\"high\" decoding=\"async\" src=\"https:\/\/central42.com.br\/novo\/wp-content\/uploads\/2019\/03\/4120067.jpg-r_1920_1080-f_jpg-q_x-xxyxx-204x300.jpg\" alt=\"\" class=\"wp-image-27237\" width=\"292\" height=\"429\" srcset=\"https:\/\/central42.com.br\/novo\/wp-content\/uploads\/2019\/03\/4120067.jpg-r_1920_1080-f_jpg-q_x-xxyxx-204x300.jpg 204w, https:\/\/central42.com.br\/novo\/wp-content\/uploads\/2019\/03\/4120067.jpg-r_1920_1080-f_jpg-q_x-xxyxx-102x150.jpg 102w, https:\/\/central42.com.br\/novo\/wp-content\/uploads\/2019\/03\/4120067.jpg-r_1920_1080-f_jpg-q_x-xxyxx-442x650.jpg 442w, https:\/\/central42.com.br\/novo\/wp-content\/uploads\/2019\/03\/4120067.jpg-r_1920_1080-f_jpg-q_x-xxyxx.jpg 735w\" sizes=\"(max-width: 292px) 100vw, 292px\" \/><\/figure><\/div>\n\n\n\n<p>Come\u00e7aria pelo fato do filme Suspiria mais recente trabalhar muito mais com a dan\u00e7a em sua hist\u00f3ria do que o original. E diria que isso faz muita diferen\u00e7a na hist\u00f3ria. A dan\u00e7a \u00e9 importante para trama, o que traz mais sentido para o ambiente em que se passa. Sem isso tanto faz se passar em uma escola de dan\u00e7a ou qualquer outro lugar. Inclusive as coreografias s\u00e3o lindas e muito bem trabalhadas.<\/p>\n\n\n\n<p>Ainda assim, acho que neste a hist\u00f3ria pode parecer mais sem uma estrutura l\u00f3gica que o primeiro. Desta forma alguns podem encontrar &#8220;barrigas&#8221; na trama, j\u00e1 eu, vi de outra forma. Acredito que \u00e9 exatamente isso que traz o terror psicol\u00f3gico para o filme, o n\u00e3o entender o que est\u00e1 acontecendo.<\/p>\n\n\n\n<p>Ao mesmo tempo temos que ter aten\u00e7\u00e3o ao elenco. Sem as \u00f3timas atua\u00e7\u00f5es que vemos aqui, a falta de estrutura da hist\u00f3ria n\u00e3o se sustentaria. Dakota Johnson constr\u00f3i uma personagem muito bem equilibrada entre sua origem menonita e t\u00edmida e uma dan\u00e7arina ambiciosa e com uma for\u00e7a sexual muito forte.<\/p>\n\n\n\n<p>Ainda que todo grupo de matronas esteja muito bem constru\u00eddo n\u00e3o h\u00e1 como n\u00e3o destacar Tilda Swinton. Para quem j\u00e1 fez ou faz dan\u00e7a, com certeza ver\u00e1 nela aquela professora mais r\u00edgida que todas j\u00e1 tivemos. Seu ar blas\u00e9, sua rigidez (f\u00edsica e de car\u00e1ter). Entretanto n\u00e3o \u00e9 s\u00f3 nesse papel que ela impressiona, deixo para voc\u00eas descobrirem quais s\u00e3o os outros personagens que ela interpreta.<\/p>\n\n\n\n<p>Por fim, quanto as caracter\u00edsticas t\u00e9cnicas, daria destaque a trilha sonora composta por Thom Yorke, essencial para o suspense. Outro ponto not\u00e1vel \u00e9 a est\u00e9tica do filme. A dire\u00e7\u00e3o de arte, os enquadramentos e a edi\u00e7\u00e3o s\u00e3o claramente uma homenagem a est\u00e9tica do filme original e do estilo dos filmes de terror dos anos 70.<\/p>\n\n\n\n<figure class=\"wp-block-embed-youtube wp-block-embed is-type-video is-provider-youtube wp-embed-aspect-16-9 wp-has-aspect-ratio\"><div class=\"wp-block-embed__wrapper\">\n<iframe width=\"770\" height=\"433\" src=\"https:\/\/www.youtube.com\/embed\/O1_NryTJDGc?feature=oembed\" frameborder=\"0\" allow=\"accelerometer; autoplay; encrypted-media; gyroscope; picture-in-picture\" allowfullscreen><\/iframe>\n<\/div><\/figure>\n\n\n\n<h2 class=\"wp-block-heading\">Suspiria (1977)<\/h2>\n\n\n\n<p>Com isso, aproveito o gancho para voltar \u00e0 obra original. O maior v\u00ednculo entre os dois filmes \u00e9 a est\u00e9tica. Eu diria at\u00e9 que Luca Guadagnino fez do seu filme uma grande homenagem a Dario Argento. Todas as cores, cortes, formas de conduzir a c\u00e2mera, enquadramentos vem daqui.<\/p>\n\n\n\n<div class=\"wp-block-image\"><figure class=\"alignright is-resized\"><img decoding=\"async\" src=\"https:\/\/central42.com.br\/novo\/wp-content\/uploads\/2019\/03\/20078644.jpg-r_1920_1080-f_jpg-q_x-xxyxx-206x300.jpg\" alt=\"\" class=\"wp-image-27241\" width=\"285\" height=\"415\" srcset=\"https:\/\/central42.com.br\/novo\/wp-content\/uploads\/2019\/03\/20078644.jpg-r_1920_1080-f_jpg-q_x-xxyxx-206x300.jpg 206w, https:\/\/central42.com.br\/novo\/wp-content\/uploads\/2019\/03\/20078644.jpg-r_1920_1080-f_jpg-q_x-xxyxx-103x150.jpg 103w, https:\/\/central42.com.br\/novo\/wp-content\/uploads\/2019\/03\/20078644.jpg-r_1920_1080-f_jpg-q_x-xxyxx-446x650.jpg 446w, https:\/\/central42.com.br\/novo\/wp-content\/uploads\/2019\/03\/20078644.jpg-r_1920_1080-f_jpg-q_x-xxyxx.jpg 518w\" sizes=\"(max-width: 285px) 100vw, 285px\" \/><\/figure><\/div>\n\n\n\n<p>Infelizmente este filme tem pouqu\u00edssimas cenas de dan\u00e7a e esta n\u00e3o \u00e9 utilizada para construir a narrativa. O que a meu ver faz este filme perder pontos em compara\u00e7\u00e3o com o remake.<\/p>\n\n\n\n<p>O elenco tamb\u00e9m n\u00e3o impressiona tanto, ficando dentro da m\u00e9dia. Outro ponto que me incomoda \u00e9 como os filmes italianos dessa \u00e9poca tem um problema s\u00e9rio de sincronia entre imagem e som. Ainda assim, destaco o trabalho feito com a palavra &#8220;witch&#8221; como um sussurro misterioso em algumas cenas.<\/p>\n\n\n\n<p>Para quem n\u00e3o est\u00e1 acostumado a ver filmes antigos a trama  pode parecer arrastada, por isso recomendo que assistam com a mente aberta. Independente disso, \u00e9 importante ver como esse filme \u00e9 importante para a constru\u00e7\u00e3o do g\u00eanero do terror psicol\u00f3gico e todo o decorrer de filmes que vieram depois.<\/p>\n\n\n\n<p>Por fim, apreciem a experi\u00eancia visual que esse filme proporciona. Ele foi e ainda \u00e9 inovador neste quesito. Uma obra de arte para ser apreciada. &#8220;Suspiria &#8211; A dan\u00e7a do medo&#8221; s\u00f3 \u00e9 o filme incr\u00edvel que \u00e9 gra\u00e7as ao seu precursor. <\/p>\n\n\n\n<p>Detalhe: os finais s\u00e3o diferentes. Depois de assistir conte em nossas redes sociais: qual voc\u00ea prefere?<\/p>\n\n\n\n<figure class=\"wp-block-embed-youtube wp-block-embed is-type-video is-provider-youtube wp-embed-aspect-16-9 wp-has-aspect-ratio\"><div class=\"wp-block-embed__wrapper\">\n<iframe width=\"770\" height=\"433\" src=\"https:\/\/www.youtube.com\/embed\/MecSlkWMHPY?feature=oembed\" frameborder=\"0\" allow=\"accelerometer; autoplay; encrypted-media; gyroscope; picture-in-picture\" allowfullscreen><\/iframe>\n<\/div><\/figure>\n<script>console.log('Aud01');<\/script>","protected":false},"excerpt":{"rendered":"<p>Suspiria &#8211; A dan\u00e7a do medo&#8221;. A hist\u00f3ria se passa no ano de lan\u00e7amento do primeiro filme 1977. E passa em uma escola de dan\u00e7a na Berlim dividida, assim como &#8220;Suspiria (1977)&#8221;.<\/p>\n","protected":false},"author":54,"featured_media":27243,"comment_status":"closed","ping_status":"open","sticky":false,"template":"","format":"standard","meta":{"_monsterinsights_skip_tracking":false,"_monsterinsights_sitenote_active":false,"_monsterinsights_sitenote_note":"","_monsterinsights_sitenote_category":0,"footnotes":""},"categories":[8,4048],"tags":[10583,10580,3955,10585,5859,10586,10581,10584,2929,10582,2082],"class_list":{"0":"post-27225","1":"post","2":"type-post","3":"status-publish","4":"format-standard","5":"has-post-thumbnail","7":"category-cinema","8":"category-critica-em-cena","9":"tag-70s","10":"tag-argento","11":"tag-chloe-grace-moretz","12":"tag-claudio-simonetti","13":"tag-dakota-johnson","14":"tag-danca-do-medo","15":"tag-dario-argento","16":"tag-goblin","17":"tag-horror","18":"tag-suspiria","19":"tag-tilda-swinton"},"yoast_head":"<!-- This site is optimized with the Yoast SEO plugin v27.2 - https:\/\/yoast.com\/product\/yoast-seo-wordpress\/ -->\n<title>&quot;Suspiria - A Dan\u00e7a do Medo&quot; e &quot;Suspiria&quot; | Similaridades e diferen\u00e7as<\/title>\n<meta name=\"description\" content=\"Entenda em que o remake &quot;Suspiria - A dan\u00e7a do medo&quot; inova em rela\u00e7\u00e3o ao filme Suspiria de 1977 e em que eles se parecem. Saiba porque assistir os dois!\" \/>\n<meta name=\"robots\" content=\"index, follow, max-snippet:-1, max-image-preview:large, max-video-preview:-1\" \/>\n<link rel=\"canonical\" href=\"https:\/\/central42.com.br\/novo\/suspiria-a-danca-do-medo-diferenca\/\" \/>\n<meta property=\"og:locale\" content=\"pt_BR\" \/>\n<meta property=\"og:type\" content=\"article\" \/>\n<meta property=\"og:title\" content=\"&quot;Suspiria - A Dan\u00e7a do Medo&quot; e &quot;Suspiria&quot; | Similaridades e diferen\u00e7as\" \/>\n<meta property=\"og:description\" content=\"Entenda em que o remake &quot;Suspiria - A dan\u00e7a do medo&quot; inova em rela\u00e7\u00e3o ao filme Suspiria de 1977 e em que eles se parecem. Saiba porque assistir os dois!\" \/>\n<meta property=\"og:url\" content=\"https:\/\/central42.com.br\/novo\/suspiria-a-danca-do-medo-diferenca\/\" \/>\n<meta property=\"og:site_name\" content=\"Central 42\" \/>\n<meta property=\"article:publisher\" content=\"https:\/\/www.facebook.com\/Central42\" \/>\n<meta property=\"article:author\" content=\"https:\/\/www.facebook.com\/Cr\u00edtica-Em-Cena-237435346292259\/\" \/>\n<meta property=\"article:published_time\" content=\"2019-04-01T03:02:34+00:00\" \/>\n<meta property=\"article:modified_time\" content=\"2019-04-01T03:04:57+00:00\" \/>\n<meta property=\"og:image\" content=\"https:\/\/central42.com.br\/novo\/wp-content\/uploads\/2019\/03\/Design-sem-nome.png\" \/>\n\t<meta property=\"og:image:width\" content=\"1170\" \/>\n\t<meta property=\"og:image:height\" content=\"580\" \/>\n\t<meta property=\"og:image:type\" content=\"image\/png\" \/>\n<meta name=\"author\" content=\"Nat\u00e1lia Ranhel\" \/>\n<meta name=\"twitter:label1\" content=\"Escrito por\" \/>\n\t<meta name=\"twitter:data1\" content=\"Nat\u00e1lia Ranhel\" \/>\n\t<meta name=\"twitter:label2\" content=\"Est. tempo de leitura\" \/>\n\t<meta name=\"twitter:data2\" content=\"4 minutos\" \/>\n<script type=\"application\/ld+json\" class=\"yoast-schema-graph\">{\"@context\":\"https:\/\/schema.org\",\"@graph\":[{\"@type\":\"Article\",\"@id\":\"https:\/\/central42.com.br\/novo\/suspiria-a-danca-do-medo-diferenca\/#article\",\"isPartOf\":{\"@id\":\"https:\/\/central42.com.br\/novo\/suspiria-a-danca-do-medo-diferenca\/\"},\"author\":{\"name\":\"Nat\u00e1lia Ranhel\",\"@id\":\"https:\/\/central42.com.br\/novo\/#\/schema\/person\/55ba21b4964db931eca61bee0148df9d\"},\"headline\":\"&#8220;Suspiria &#8211; A Dan\u00e7a do Medo&#8221; e &#8220;Suspiria&#8221; | Similaridades e diferen\u00e7as\",\"datePublished\":\"2019-04-01T03:02:34+00:00\",\"dateModified\":\"2019-04-01T03:04:57+00:00\",\"mainEntityOfPage\":{\"@id\":\"https:\/\/central42.com.br\/novo\/suspiria-a-danca-do-medo-diferenca\/\"},\"wordCount\":870,\"image\":{\"@id\":\"https:\/\/central42.com.br\/novo\/suspiria-a-danca-do-medo-diferenca\/#primaryimage\"},\"thumbnailUrl\":\"https:\/\/central42.com.br\/novo\/wp-content\/uploads\/2019\/03\/Design-sem-nome.png\",\"keywords\":[\"70s\",\"argento\",\"Chl\u00f6e Grace Moretz\",\"claudio simonetti\",\"dakota johnson\",\"dan\u00e7a do medo\",\"dario argento\",\"goblin\",\"horror\",\"suspiria\",\"Tilda Swinton\"],\"articleSection\":[\"Cinema\",\"Cr\u00edtica em Cena\"],\"inLanguage\":\"pt-BR\"},{\"@type\":\"WebPage\",\"@id\":\"https:\/\/central42.com.br\/novo\/suspiria-a-danca-do-medo-diferenca\/\",\"url\":\"https:\/\/central42.com.br\/novo\/suspiria-a-danca-do-medo-diferenca\/\",\"name\":\"\\\"Suspiria - A Dan\u00e7a do Medo\\\" e \\\"Suspiria\\\" | Similaridades e diferen\u00e7as\",\"isPartOf\":{\"@id\":\"https:\/\/central42.com.br\/novo\/#website\"},\"primaryImageOfPage\":{\"@id\":\"https:\/\/central42.com.br\/novo\/suspiria-a-danca-do-medo-diferenca\/#primaryimage\"},\"image\":{\"@id\":\"https:\/\/central42.com.br\/novo\/suspiria-a-danca-do-medo-diferenca\/#primaryimage\"},\"thumbnailUrl\":\"https:\/\/central42.com.br\/novo\/wp-content\/uploads\/2019\/03\/Design-sem-nome.png\",\"datePublished\":\"2019-04-01T03:02:34+00:00\",\"dateModified\":\"2019-04-01T03:04:57+00:00\",\"author\":{\"@id\":\"https:\/\/central42.com.br\/novo\/#\/schema\/person\/55ba21b4964db931eca61bee0148df9d\"},\"description\":\"Entenda em que o remake \\\"Suspiria - A dan\u00e7a do medo\\\" inova em rela\u00e7\u00e3o ao filme Suspiria de 1977 e em que eles se parecem. Saiba porque assistir os dois!\",\"breadcrumb\":{\"@id\":\"https:\/\/central42.com.br\/novo\/suspiria-a-danca-do-medo-diferenca\/#breadcrumb\"},\"inLanguage\":\"pt-BR\",\"potentialAction\":[{\"@type\":\"ReadAction\",\"target\":[\"https:\/\/central42.com.br\/novo\/suspiria-a-danca-do-medo-diferenca\/\"]}]},{\"@type\":\"ImageObject\",\"inLanguage\":\"pt-BR\",\"@id\":\"https:\/\/central42.com.br\/novo\/suspiria-a-danca-do-medo-diferenca\/#primaryimage\",\"url\":\"https:\/\/central42.com.br\/novo\/wp-content\/uploads\/2019\/03\/Design-sem-nome.png\",\"contentUrl\":\"https:\/\/central42.com.br\/novo\/wp-content\/uploads\/2019\/03\/Design-sem-nome.png\",\"width\":1170,\"height\":580,\"caption\":\"suspiria\"},{\"@type\":\"BreadcrumbList\",\"@id\":\"https:\/\/central42.com.br\/novo\/suspiria-a-danca-do-medo-diferenca\/#breadcrumb\",\"itemListElement\":[{\"@type\":\"ListItem\",\"position\":1,\"name\":\"In\u00edcio\",\"item\":\"https:\/\/central42.com.br\/novo\/\"},{\"@type\":\"ListItem\",\"position\":2,\"name\":\"&#8220;Suspiria &#8211; A Dan\u00e7a do Medo&#8221; e &#8220;Suspiria&#8221; | Similaridades e diferen\u00e7as\"}]},{\"@type\":\"WebSite\",\"@id\":\"https:\/\/central42.com.br\/novo\/#website\",\"url\":\"https:\/\/central42.com.br\/novo\/\",\"name\":\"Central 42\",\"description\":\"Cultura e entretenimento em um \u00fanico lugar\",\"potentialAction\":[{\"@type\":\"SearchAction\",\"target\":{\"@type\":\"EntryPoint\",\"urlTemplate\":\"https:\/\/central42.com.br\/novo\/?s={search_term_string}\"},\"query-input\":{\"@type\":\"PropertyValueSpecification\",\"valueRequired\":true,\"valueName\":\"search_term_string\"}}],\"inLanguage\":\"pt-BR\"},{\"@type\":\"Person\",\"@id\":\"https:\/\/central42.com.br\/novo\/#\/schema\/person\/55ba21b4964db931eca61bee0148df9d\",\"name\":\"Nat\u00e1lia Ranhel\",\"image\":{\"@type\":\"ImageObject\",\"inLanguage\":\"pt-BR\",\"@id\":\"https:\/\/secure.gravatar.com\/avatar\/54fc77617c11a50a8bd4d37a82c48d5029eb57cc986d96046da2e0e5f18ef5bf?s=96&d=wavatar&r=g\",\"url\":\"https:\/\/secure.gravatar.com\/avatar\/54fc77617c11a50a8bd4d37a82c48d5029eb57cc986d96046da2e0e5f18ef5bf?s=96&d=wavatar&r=g\",\"contentUrl\":\"https:\/\/secure.gravatar.com\/avatar\/54fc77617c11a50a8bd4d37a82c48d5029eb57cc986d96046da2e0e5f18ef5bf?s=96&d=wavatar&r=g\",\"caption\":\"Nat\u00e1lia Ranhel\"},\"description\":\"Fot\u00f3grafa, publicit\u00e1ria, tra\u00e7a de livros e apaixonada por cinema.\",\"sameAs\":[\"http:\/\/nataliaranhel.com\/\",\"https:\/\/www.facebook.com\/Cr\u00edtica-Em-Cena-237435346292259\/\",\"https:\/\/www.instagram.com\/nataliaranhel\/\"],\"url\":\"https:\/\/central42.com.br\/novo\/author\/na-ranhel\/\"}]}<\/script>\n<!-- \/ Yoast SEO plugin. -->","yoast_head_json":{"title":"\"Suspiria - A Dan\u00e7a do Medo\" e \"Suspiria\" | Similaridades e diferen\u00e7as","description":"Entenda em que o remake \"Suspiria - A dan\u00e7a do medo\" inova em rela\u00e7\u00e3o ao filme Suspiria de 1977 e em que eles se parecem. Saiba porque assistir os dois!","robots":{"index":"index","follow":"follow","max-snippet":"max-snippet:-1","max-image-preview":"max-image-preview:large","max-video-preview":"max-video-preview:-1"},"canonical":"https:\/\/central42.com.br\/novo\/suspiria-a-danca-do-medo-diferenca\/","og_locale":"pt_BR","og_type":"article","og_title":"\"Suspiria - A Dan\u00e7a do Medo\" e \"Suspiria\" | Similaridades e diferen\u00e7as","og_description":"Entenda em que o remake \"Suspiria - A dan\u00e7a do medo\" inova em rela\u00e7\u00e3o ao filme Suspiria de 1977 e em que eles se parecem. Saiba porque assistir os dois!","og_url":"https:\/\/central42.com.br\/novo\/suspiria-a-danca-do-medo-diferenca\/","og_site_name":"Central 42","article_publisher":"https:\/\/www.facebook.com\/Central42","article_author":"https:\/\/www.facebook.com\/Cr\u00edtica-Em-Cena-237435346292259\/","article_published_time":"2019-04-01T03:02:34+00:00","article_modified_time":"2019-04-01T03:04:57+00:00","og_image":[{"width":1170,"height":580,"url":"https:\/\/central42.com.br\/novo\/wp-content\/uploads\/2019\/03\/Design-sem-nome.png","type":"image\/png"}],"author":"Nat\u00e1lia Ranhel","twitter_misc":{"Escrito por":"Nat\u00e1lia Ranhel","Est. tempo de leitura":"4 minutos"},"schema":{"@context":"https:\/\/schema.org","@graph":[{"@type":"Article","@id":"https:\/\/central42.com.br\/novo\/suspiria-a-danca-do-medo-diferenca\/#article","isPartOf":{"@id":"https:\/\/central42.com.br\/novo\/suspiria-a-danca-do-medo-diferenca\/"},"author":{"name":"Nat\u00e1lia Ranhel","@id":"https:\/\/central42.com.br\/novo\/#\/schema\/person\/55ba21b4964db931eca61bee0148df9d"},"headline":"&#8220;Suspiria &#8211; A Dan\u00e7a do Medo&#8221; e &#8220;Suspiria&#8221; | Similaridades e diferen\u00e7as","datePublished":"2019-04-01T03:02:34+00:00","dateModified":"2019-04-01T03:04:57+00:00","mainEntityOfPage":{"@id":"https:\/\/central42.com.br\/novo\/suspiria-a-danca-do-medo-diferenca\/"},"wordCount":870,"image":{"@id":"https:\/\/central42.com.br\/novo\/suspiria-a-danca-do-medo-diferenca\/#primaryimage"},"thumbnailUrl":"https:\/\/central42.com.br\/novo\/wp-content\/uploads\/2019\/03\/Design-sem-nome.png","keywords":["70s","argento","Chl\u00f6e Grace Moretz","claudio simonetti","dakota johnson","dan\u00e7a do medo","dario argento","goblin","horror","suspiria","Tilda Swinton"],"articleSection":["Cinema","Cr\u00edtica em Cena"],"inLanguage":"pt-BR"},{"@type":"WebPage","@id":"https:\/\/central42.com.br\/novo\/suspiria-a-danca-do-medo-diferenca\/","url":"https:\/\/central42.com.br\/novo\/suspiria-a-danca-do-medo-diferenca\/","name":"\"Suspiria - A Dan\u00e7a do Medo\" e \"Suspiria\" | Similaridades e diferen\u00e7as","isPartOf":{"@id":"https:\/\/central42.com.br\/novo\/#website"},"primaryImageOfPage":{"@id":"https:\/\/central42.com.br\/novo\/suspiria-a-danca-do-medo-diferenca\/#primaryimage"},"image":{"@id":"https:\/\/central42.com.br\/novo\/suspiria-a-danca-do-medo-diferenca\/#primaryimage"},"thumbnailUrl":"https:\/\/central42.com.br\/novo\/wp-content\/uploads\/2019\/03\/Design-sem-nome.png","datePublished":"2019-04-01T03:02:34+00:00","dateModified":"2019-04-01T03:04:57+00:00","author":{"@id":"https:\/\/central42.com.br\/novo\/#\/schema\/person\/55ba21b4964db931eca61bee0148df9d"},"description":"Entenda em que o remake \"Suspiria - A dan\u00e7a do medo\" inova em rela\u00e7\u00e3o ao filme Suspiria de 1977 e em que eles se parecem. Saiba porque assistir os dois!","breadcrumb":{"@id":"https:\/\/central42.com.br\/novo\/suspiria-a-danca-do-medo-diferenca\/#breadcrumb"},"inLanguage":"pt-BR","potentialAction":[{"@type":"ReadAction","target":["https:\/\/central42.com.br\/novo\/suspiria-a-danca-do-medo-diferenca\/"]}]},{"@type":"ImageObject","inLanguage":"pt-BR","@id":"https:\/\/central42.com.br\/novo\/suspiria-a-danca-do-medo-diferenca\/#primaryimage","url":"https:\/\/central42.com.br\/novo\/wp-content\/uploads\/2019\/03\/Design-sem-nome.png","contentUrl":"https:\/\/central42.com.br\/novo\/wp-content\/uploads\/2019\/03\/Design-sem-nome.png","width":1170,"height":580,"caption":"suspiria"},{"@type":"BreadcrumbList","@id":"https:\/\/central42.com.br\/novo\/suspiria-a-danca-do-medo-diferenca\/#breadcrumb","itemListElement":[{"@type":"ListItem","position":1,"name":"In\u00edcio","item":"https:\/\/central42.com.br\/novo\/"},{"@type":"ListItem","position":2,"name":"&#8220;Suspiria &#8211; A Dan\u00e7a do Medo&#8221; e &#8220;Suspiria&#8221; | Similaridades e diferen\u00e7as"}]},{"@type":"WebSite","@id":"https:\/\/central42.com.br\/novo\/#website","url":"https:\/\/central42.com.br\/novo\/","name":"Central 42","description":"Cultura e entretenimento em um \u00fanico lugar","potentialAction":[{"@type":"SearchAction","target":{"@type":"EntryPoint","urlTemplate":"https:\/\/central42.com.br\/novo\/?s={search_term_string}"},"query-input":{"@type":"PropertyValueSpecification","valueRequired":true,"valueName":"search_term_string"}}],"inLanguage":"pt-BR"},{"@type":"Person","@id":"https:\/\/central42.com.br\/novo\/#\/schema\/person\/55ba21b4964db931eca61bee0148df9d","name":"Nat\u00e1lia Ranhel","image":{"@type":"ImageObject","inLanguage":"pt-BR","@id":"https:\/\/secure.gravatar.com\/avatar\/54fc77617c11a50a8bd4d37a82c48d5029eb57cc986d96046da2e0e5f18ef5bf?s=96&d=wavatar&r=g","url":"https:\/\/secure.gravatar.com\/avatar\/54fc77617c11a50a8bd4d37a82c48d5029eb57cc986d96046da2e0e5f18ef5bf?s=96&d=wavatar&r=g","contentUrl":"https:\/\/secure.gravatar.com\/avatar\/54fc77617c11a50a8bd4d37a82c48d5029eb57cc986d96046da2e0e5f18ef5bf?s=96&d=wavatar&r=g","caption":"Nat\u00e1lia Ranhel"},"description":"Fot\u00f3grafa, publicit\u00e1ria, tra\u00e7a de livros e apaixonada por cinema.","sameAs":["http:\/\/nataliaranhel.com\/","https:\/\/www.facebook.com\/Cr\u00edtica-Em-Cena-237435346292259\/","https:\/\/www.instagram.com\/nataliaranhel\/"],"url":"https:\/\/central42.com.br\/novo\/author\/na-ranhel\/"}]}},"_links":{"self":[{"href":"https:\/\/central42.com.br\/novo\/wp-json\/wp\/v2\/posts\/27225","targetHints":{"allow":["GET"]}}],"collection":[{"href":"https:\/\/central42.com.br\/novo\/wp-json\/wp\/v2\/posts"}],"about":[{"href":"https:\/\/central42.com.br\/novo\/wp-json\/wp\/v2\/types\/post"}],"author":[{"embeddable":true,"href":"https:\/\/central42.com.br\/novo\/wp-json\/wp\/v2\/users\/54"}],"replies":[{"embeddable":true,"href":"https:\/\/central42.com.br\/novo\/wp-json\/wp\/v2\/comments?post=27225"}],"version-history":[{"count":3,"href":"https:\/\/central42.com.br\/novo\/wp-json\/wp\/v2\/posts\/27225\/revisions"}],"predecessor-version":[{"id":27244,"href":"https:\/\/central42.com.br\/novo\/wp-json\/wp\/v2\/posts\/27225\/revisions\/27244"}],"wp:featuredmedia":[{"embeddable":true,"href":"https:\/\/central42.com.br\/novo\/wp-json\/wp\/v2\/media\/27243"}],"wp:attachment":[{"href":"https:\/\/central42.com.br\/novo\/wp-json\/wp\/v2\/media?parent=27225"}],"wp:term":[{"taxonomy":"category","embeddable":true,"href":"https:\/\/central42.com.br\/novo\/wp-json\/wp\/v2\/categories?post=27225"},{"taxonomy":"post_tag","embeddable":true,"href":"https:\/\/central42.com.br\/novo\/wp-json\/wp\/v2\/tags?post=27225"}],"curies":[{"name":"wp","href":"https:\/\/api.w.org\/{rel}","templated":true}]}}