{"id":27147,"date":"2019-03-18T00:04:53","date_gmt":"2019-03-18T03:04:53","guid":{"rendered":"https:\/\/central42.com.br\/novo\/?p=27147"},"modified":"2019-03-19T14:51:55","modified_gmt":"2019-03-19T17:51:55","slug":"billy-elliot","status":"publish","type":"post","link":"https:\/\/central42.com.br\/novo\/billy-elliot\/","title":{"rendered":"BILLY ELLIOT, O MUSICAL | Premiado musical estreia em S\u00e3o Paulo com montagem in\u00e9dita no Brasil"},"content":{"rendered":"<!-- Start Audima Widget Injection -->\n<div id=\"audimaWidget\"><\/div>\n<script src=\"https:\/\/audio.audima.co\/audima-widget.js\"><\/script>\n<!-- End Audima Widget Injection -->\n\t\t<div data-elementor-type=\"wp-post\" data-elementor-id=\"27147\" class=\"elementor elementor-27147\">\n\t\t\t\t\t\t<section class=\"elementor-section elementor-top-section elementor-element elementor-element-2df38b84 elementor-section-boxed elementor-section-height-default elementor-section-height-default\" data-id=\"2df38b84\" data-element_type=\"section\">\n\t\t\t\t\t\t<div class=\"elementor-container elementor-column-gap-default\">\n\t\t\t\t\t<div class=\"elementor-column elementor-col-100 elementor-top-column elementor-element elementor-element-1fe3a5ee\" data-id=\"1fe3a5ee\" data-element_type=\"column\">\n\t\t\t<div class=\"elementor-widget-wrap elementor-element-populated\">\n\t\t\t\t\t\t<div class=\"elementor-element elementor-element-f9219ff elementor-widget elementor-widget-text-editor\" data-id=\"f9219ff\" data-element_type=\"widget\" data-widget_type=\"text-editor.default\">\n\t\t\t\t<div class=\"elementor-widget-container\">\n\t\t\t\t\t\t\t\t\t<p>O musical <strong><em>Billy Elliot<\/em><\/strong> \u00e9 sin\u00f4nimo de sucesso: recordista de premia\u00e7\u00f5es em teatro musical, vencedor de\u00a0<em>10 Tony Award<\/em>\u00a0e 5\u00a0<em>Olivier Award<\/em>, a montagem sempre promete om coreografias impressionantes diante da hist\u00f3ria poderosa e a inesquec\u00edvel trilha sonora de Elton John.<\/p>\n<p>Billy Elliot j\u00e1 foi assistido por mais de oito milh\u00f5es de pessoas em todo o mundo e ganha montagem in\u00e9dita no Brasil assinada pelo\u00a0<strong>Atelier de Cultura\u00a0<\/strong><em>(A Novi\u00e7a Rebelde, O Homem de La Mancha, Annie)<\/em><strong>,<a href=\"https:\/\/central42.com.br\/novo\/wp-content\/uploads\/2019\/03\/Logo-Billy-Elliot-768x512.jpg\"><img fetchpriority=\"high\" decoding=\"async\" class=\"alignright size-large wp-image-27156\" src=\"https:\/\/central42.com.br\/novo\/wp-content\/uploads\/2019\/03\/Logo-Billy-Elliot-768x512-650x433.jpg\" alt=\"BILLY ELLIOT\" width=\"650\" height=\"433\" srcset=\"https:\/\/central42.com.br\/novo\/wp-content\/uploads\/2019\/03\/Logo-Billy-Elliot-768x512-650x433.jpg 650w, https:\/\/central42.com.br\/novo\/wp-content\/uploads\/2019\/03\/Logo-Billy-Elliot-768x512-150x100.jpg 150w, https:\/\/central42.com.br\/novo\/wp-content\/uploads\/2019\/03\/Logo-Billy-Elliot-768x512-300x200.jpg 300w, https:\/\/central42.com.br\/novo\/wp-content\/uploads\/2019\/03\/Logo-Billy-Elliot-768x512-270x180.jpg 270w, https:\/\/central42.com.br\/novo\/wp-content\/uploads\/2019\/03\/Logo-Billy-Elliot-768x512-370x247.jpg 370w, https:\/\/central42.com.br\/novo\/wp-content\/uploads\/2019\/03\/Logo-Billy-Elliot-768x512-110x73.jpg 110w, https:\/\/central42.com.br\/novo\/wp-content\/uploads\/2019\/03\/Logo-Billy-Elliot-768x512.jpg 768w\" sizes=\"(max-width: 650px) 100vw, 650px\" \/><\/a><\/strong>\u00a0apresentada\u00a0 pela\u00a0<strong>Brasilprev<\/strong>, uma empresa BB Seguros, com estreia no Teatro Alfa em 15 de mar\u00e7o. Baseado no filme dos anos 2000, dirigido por Stephen Daldry, o espet\u00e1culo traz o consagrado ator Carmo Dalla Vecchia como Jack, o pai de Billy, acompanhado por 49 atores no elenco, al\u00e9m de 17 m\u00fasicos, e mais de 80 t\u00e9cnicos. Billy Elliot foi licenciado para o Brasil pela MTI (Music Theatre Internacional) de Nova Iorque.<\/p>\n<p>Com\u00a0m\u00fasicas\u00a0de\u00a0Elton John, o enredo gira em torno de Billy, um menino que se descobre querer ser bailarino, contra a vontade do pai, tendo de superar obst\u00e1culos em casa e na sociedade em meio ao conflito de sua fam\u00edlia e comunidade, causado pela greve dos mineiros brit\u00e2nicos\u00a0(1984-1985), em\u00a0County Durham, no nordeste da\u00a0Inglaterra.\u00a0<\/p>\n<p>Al\u00e9m de todos esses atributos, a montagem brasileira \u00e9 composta por um elenco de primeira dirigido pelo canadense John Stefaniuk, \u00a0respons\u00e1vel pela dire\u00e7\u00e3o de O Rei Le\u00e3o, da Disney. John, enfatiza que dirigir \u00a0Billy Elliot no Brasil \u00e9 um sonho, e toda a pluralidade do pa\u00eds deu a oportunidade de uma vers\u00e3o totalmente nova e surpreendente.\u00a0<\/p>\n<p>\u00a0A adapta\u00e7\u00e3o do texto para o portugu\u00eas foi feita por Mariana Elisabetsky e Victor Muhlethaler, visando manter a linguagem dos atores de acordo com a \u00e9poca e localiza\u00e7\u00e3o.\u00a0<\/p>\n<p>A montagem brasileira \u00e9 sens\u00edvel, destaca que fam\u00edlia \u00e9 fam\u00edlia, n\u00e3o importa aonde. Que amizades s\u00e3o valiosas e que a confian\u00e7a e ousadia, quando tratadas com carinho e respeito, alavancam voos inesperados. Toda hist\u00f3ria se passa diante de um projeto c\u00eanico que potencializa ainda mais os textos e as m\u00fasicas com transi\u00e7\u00f5es inteligentes, interativas . A ic\u00f4nica cena do voo de Billy Elliot\u00a0 em <em>Electricity<\/em> est\u00e1 presente na vers\u00e3o brasileira e marca como uma das coreografias mais emocionantes do espetaculo!\u00a0<\/p>\n<p>\u00a0Vanessa Costa, a Mrs. Wilkinson brasileira, destacou os atores escolhidos para o papel de Billy, que em pouco tempo e com muita dedica\u00e7\u00e3o durante os ensaios e prepara\u00e7\u00e3o, demostraram facilidade e talento para a t\u00e9cnica cl\u00e1ssica, que \u00e9 a base do musical, seguida por sapateado e dan\u00e7a contempor\u00e2nea . Al\u00e9m de todo preparo de atua\u00e7\u00e3o e constru\u00e7\u00e3o de personagem.\u00a0 A atriz e tamb\u00e9m bailarina cl\u00e1ssica, usou sua experi\u00eancia com a dan\u00e7a para compor a ver\u00e3o brasileira da professora de Ballet de Billy, a primeira pessoas acreditar e enxergar o talento no garota. As cenas de Vanessa com Tiago Fernandes, um dos Billy Elliot , emocionam e transmitem o mais puro sentimento de esperan\u00e7a, supera\u00e7\u00e3o e coragem para enfrentar preconceitos.\u00a0<\/p>\n<p>A cl\u00e1ssica trama reacende tema do machismo no Ballet, realidade vivida por muitos jovens. O machismo e o desconhecimento que as fam\u00edlias t\u00eam do ballet continuam afastando muitos meninos da sapatilha e a vers\u00e3o brasileira dessa hist\u00f3ria lida com isso de forma primorosa.\u00a0<\/p>\n<p>O grande destaque \u00e9 o elenco mirim, al\u00e9m dos atores escalados para o papel de Billy, Richard Marques, Pedro Sousa e Tiago Fernandes, Felipe Costa, respons\u00e1vel por dar vida ao melhor amigo de Billy, Michael Caffrey , foi a grande revela\u00e7\u00e3o da apresenta\u00e7\u00e3o realizada no dia 08 de mar\u00e7o ap\u00f3s a coletiva de imprensa.\u00a0 O ator deu um show de personalidade ao personagem que tem um destaque merecido nos palcos, transmitindo muita reflex\u00e3o e principalmente divertindo a plateia.\u00a0<\/p>\n<p>O elenco mirim tamb\u00e9m \u00e9 composto pelas alunas de Ballet da professora Mrs. Wilkinson e as companheiras de sala de Billy complementam as coreografias com muita sintonia e personalidade diante de cada personagem.\u00a0<\/p>\n<p>A classifica\u00e7\u00e3o do espet\u00e1culo \u00e9 livre, sem d\u00favidas um musical que vai encantar toda a fam\u00edlia.\u00a0\u00a0<\/p>\n\n\n<p><\/p>\n\t\t\t\t\t\t\t\t<\/div>\n\t\t\t\t<\/div>\n\t\t\t\t\t<\/div>\n\t\t<\/div>\n\t\t\t\t\t<\/div>\n\t\t<\/section>\n\t\t\t\t<section class=\"elementor-section elementor-top-section elementor-element elementor-element-fddeea2 elementor-section-boxed elementor-section-height-default elementor-section-height-default\" data-id=\"fddeea2\" data-element_type=\"section\">\n\t\t\t\t\t\t<div class=\"elementor-container elementor-column-gap-default\">\n\t\t\t\t\t<div class=\"elementor-column elementor-col-100 elementor-top-column elementor-element elementor-element-c27554f\" data-id=\"c27554f\" data-element_type=\"column\">\n\t\t\t<div class=\"elementor-widget-wrap elementor-element-populated\">\n\t\t\t\t\t\t<div class=\"elementor-element elementor-element-f01dbf9 gallery-spacing-custom elementor-invisible elementor-widget elementor-widget-image-gallery\" data-id=\"f01dbf9\" data-element_type=\"widget\" data-settings=\"{&quot;_animation&quot;:&quot;pulse&quot;}\" data-widget_type=\"image-gallery.default\">\n\t\t\t\t<div class=\"elementor-widget-container\">\n\t\t\t\t\t\t\t<div class=\"elementor-image-gallery\">\n\t\t\t<div id='gallery-2' class='gallery galleryid-27147 gallery-columns-2 gallery-size-medium'><figure class='gallery-item'>\n\t\t\t<div class='gallery-icon landscape'>\n\t\t\t\t<a  href='https:\/\/central42.com.br\/novo\/wp-content\/uploads\/2019\/03\/1c41a662-eae1-4a32-8e6f-1b9a74577fd5.jpg'><img decoding=\"async\" width=\"300\" height=\"225\" src=\"https:\/\/central42.com.br\/novo\/wp-content\/uploads\/2019\/03\/1c41a662-eae1-4a32-8e6f-1b9a74577fd5-300x225.jpg\" class=\"attachment-medium size-medium\" alt=\"BILLY ELLIOT\" srcset=\"https:\/\/central42.com.br\/novo\/wp-content\/uploads\/2019\/03\/1c41a662-eae1-4a32-8e6f-1b9a74577fd5-300x225.jpg 300w, https:\/\/central42.com.br\/novo\/wp-content\/uploads\/2019\/03\/1c41a662-eae1-4a32-8e6f-1b9a74577fd5-150x113.jpg 150w, https:\/\/central42.com.br\/novo\/wp-content\/uploads\/2019\/03\/1c41a662-eae1-4a32-8e6f-1b9a74577fd5-650x488.jpg 650w, https:\/\/central42.com.br\/novo\/wp-content\/uploads\/2019\/03\/1c41a662-eae1-4a32-8e6f-1b9a74577fd5.jpg 1040w\" sizes=\"(max-width: 300px) 100vw, 300px\" \/><\/a>\n\t\t\t<\/div><\/figure><figure class='gallery-item'>\n\t\t\t<div class='gallery-icon landscape'>\n\t\t\t\t<a  href='https:\/\/central42.com.br\/novo\/wp-content\/uploads\/2019\/03\/8d701438-402c-475d-9f31-932236035a42.jpg'><img decoding=\"async\" width=\"300\" height=\"225\" src=\"https:\/\/central42.com.br\/novo\/wp-content\/uploads\/2019\/03\/8d701438-402c-475d-9f31-932236035a42-300x225.jpg\" class=\"attachment-medium size-medium\" alt=\"BILLY ELLIOT\" srcset=\"https:\/\/central42.com.br\/novo\/wp-content\/uploads\/2019\/03\/8d701438-402c-475d-9f31-932236035a42-300x225.jpg 300w, https:\/\/central42.com.br\/novo\/wp-content\/uploads\/2019\/03\/8d701438-402c-475d-9f31-932236035a42-150x113.jpg 150w, https:\/\/central42.com.br\/novo\/wp-content\/uploads\/2019\/03\/8d701438-402c-475d-9f31-932236035a42-650x488.jpg 650w, https:\/\/central42.com.br\/novo\/wp-content\/uploads\/2019\/03\/8d701438-402c-475d-9f31-932236035a42.jpg 1040w\" sizes=\"(max-width: 300px) 100vw, 300px\" \/><\/a>\n\t\t\t<\/div><\/figure>\n\t\t<\/div>\n\t\t<\/div>\n\t\t\t\t\t\t<\/div>\n\t\t\t\t<\/div>\n\t\t\t\t\t<\/div>\n\t\t<\/div>\n\t\t\t\t\t<\/div>\n\t\t<\/section>\n\t\t\t\t<\/div>\n\t\t<script>console.log('Aud01');<\/script>","protected":false},"excerpt":{"rendered":"<p>Billy Elliot j\u00e1 foi assistido por mais de oito milh\u00f5es de pessoas em todo o mundo e ganha montagem in\u00e9dita no Brasil assinada pelo\u00a0Atelier de Cultura\u00a0<\/p>\n","protected":false},"author":39,"featured_media":27159,"comment_status":"closed","ping_status":"open","sticky":false,"template":"","format":"standard","meta":{"_monsterinsights_skip_tracking":false,"_monsterinsights_sitenote_active":false,"_monsterinsights_sitenote_note":"","_monsterinsights_sitenote_category":0,"footnotes":""},"categories":[2588],"tags":[10507,10505,10504,593,10506,1501,1711,2049,4385],"class_list":{"0":"post-27147","1":"post","2":"type-post","3":"status-publish","4":"format-standard","5":"has-post-thumbnail","7":"category-va-ao-teatro","8":"tag-bailarino","9":"tag-balet","10":"tag-billy-elliot","11":"tag-danca-2","12":"tag-elton-john","13":"tag-musical","14":"tag-premiado","15":"tag-teatro","16":"tag-va-ao-teatro"},"yoast_head":"<!-- This site is optimized with the Yoast SEO plugin v27.2 - https:\/\/yoast.com\/product\/yoast-seo-wordpress\/ -->\n<title>BILLY ELLIOT, O MUSICAL | Premiado musical estreia em S\u00e3o Paulo com montagem in\u00e9dita no Brasil<\/title>\n<meta name=\"description\" content=\"Billy Elliot j\u00e1 foi assistido por mais de oito milh\u00f5es de pessoas em todo o mundo e ganha montagem in\u00e9dita no Brasil assinada pelo\u00a0Atelier de Cultura\u00a0\" \/>\n<meta name=\"robots\" content=\"index, follow, max-snippet:-1, max-image-preview:large, max-video-preview:-1\" \/>\n<link rel=\"canonical\" href=\"https:\/\/central42.com.br\/novo\/billy-elliot\/\" \/>\n<meta property=\"og:locale\" content=\"pt_BR\" \/>\n<meta property=\"og:type\" content=\"article\" \/>\n<meta property=\"og:title\" content=\"BILLY ELLIOT, O MUSICAL | Premiado musical estreia em S\u00e3o Paulo com montagem in\u00e9dita no Brasil\" \/>\n<meta property=\"og:description\" content=\"Billy Elliot j\u00e1 foi assistido por mais de oito milh\u00f5es de pessoas em todo o mundo e ganha montagem in\u00e9dita no Brasil assinada pelo\u00a0Atelier de Cultura\u00a0\" \/>\n<meta property=\"og:url\" content=\"https:\/\/central42.com.br\/novo\/billy-elliot\/\" \/>\n<meta property=\"og:site_name\" content=\"Central 42\" \/>\n<meta property=\"article:publisher\" content=\"https:\/\/www.facebook.com\/Central42\" \/>\n<meta property=\"article:author\" content=\"https:\/\/www.facebook.com\/jufarina\" \/>\n<meta property=\"article:published_time\" content=\"2019-03-18T03:04:53+00:00\" \/>\n<meta property=\"article:modified_time\" content=\"2019-03-19T17:51:55+00:00\" \/>\n<meta property=\"og:image\" content=\"https:\/\/central42.com.br\/novo\/wp-content\/uploads\/2019\/03\/15524031035c87ca9fa9397_1552403103_3x2_md.jpg\" \/>\n\t<meta property=\"og:image:width\" content=\"1170\" \/>\n\t<meta property=\"og:image:height\" content=\"780\" \/>\n\t<meta property=\"og:image:type\" content=\"image\/jpeg\" \/>\n<meta name=\"author\" content=\"Juliana Farina\" \/>\n<meta name=\"twitter:label1\" content=\"Escrito por\" \/>\n\t<meta name=\"twitter:data1\" content=\"Juliana Farina\" \/>\n\t<meta name=\"twitter:label2\" content=\"Est. tempo de leitura\" \/>\n\t<meta name=\"twitter:data2\" content=\"4 minutos\" \/>\n<script type=\"application\/ld+json\" class=\"yoast-schema-graph\">{\"@context\":\"https:\/\/schema.org\",\"@graph\":[{\"@type\":\"Article\",\"@id\":\"https:\/\/central42.com.br\/novo\/billy-elliot\/#article\",\"isPartOf\":{\"@id\":\"https:\/\/central42.com.br\/novo\/billy-elliot\/\"},\"author\":{\"name\":\"Juliana Farina\",\"@id\":\"https:\/\/central42.com.br\/novo\/#\/schema\/person\/e5b0ade6f21dd07bf86e4f130b38a130\"},\"headline\":\"BILLY ELLIOT, O MUSICAL | Premiado musical estreia em S\u00e3o Paulo com montagem in\u00e9dita no Brasil\",\"datePublished\":\"2019-03-18T03:04:53+00:00\",\"dateModified\":\"2019-03-19T17:51:55+00:00\",\"mainEntityOfPage\":{\"@id\":\"https:\/\/central42.com.br\/novo\/billy-elliot\/\"},\"wordCount\":756,\"image\":{\"@id\":\"https:\/\/central42.com.br\/novo\/billy-elliot\/#primaryimage\"},\"thumbnailUrl\":\"https:\/\/central42.com.br\/novo\/wp-content\/uploads\/2019\/03\/15524031035c87ca9fa9397_1552403103_3x2_md.jpg\",\"keywords\":[\"bailarino\",\"balet\",\"billy elliot\",\"dan\u00e7a\",\"Elton John\",\"Musical\",\"premiado\",\"Teatro\",\"v\u00e1 ao teatro\"],\"articleSection\":[\"V\u00e1 ao Teatro\"],\"inLanguage\":\"pt-BR\"},{\"@type\":\"WebPage\",\"@id\":\"https:\/\/central42.com.br\/novo\/billy-elliot\/\",\"url\":\"https:\/\/central42.com.br\/novo\/billy-elliot\/\",\"name\":\"BILLY ELLIOT, O MUSICAL | Premiado musical estreia em S\u00e3o Paulo com montagem in\u00e9dita no Brasil\",\"isPartOf\":{\"@id\":\"https:\/\/central42.com.br\/novo\/#website\"},\"primaryImageOfPage\":{\"@id\":\"https:\/\/central42.com.br\/novo\/billy-elliot\/#primaryimage\"},\"image\":{\"@id\":\"https:\/\/central42.com.br\/novo\/billy-elliot\/#primaryimage\"},\"thumbnailUrl\":\"https:\/\/central42.com.br\/novo\/wp-content\/uploads\/2019\/03\/15524031035c87ca9fa9397_1552403103_3x2_md.jpg\",\"datePublished\":\"2019-03-18T03:04:53+00:00\",\"dateModified\":\"2019-03-19T17:51:55+00:00\",\"author\":{\"@id\":\"https:\/\/central42.com.br\/novo\/#\/schema\/person\/e5b0ade6f21dd07bf86e4f130b38a130\"},\"description\":\"Billy Elliot j\u00e1 foi assistido por mais de oito milh\u00f5es de pessoas em todo o mundo e ganha montagem in\u00e9dita no Brasil assinada pelo\u00a0Atelier de Cultura\u00a0\",\"breadcrumb\":{\"@id\":\"https:\/\/central42.com.br\/novo\/billy-elliot\/#breadcrumb\"},\"inLanguage\":\"pt-BR\",\"potentialAction\":[{\"@type\":\"ReadAction\",\"target\":[\"https:\/\/central42.com.br\/novo\/billy-elliot\/\"]}]},{\"@type\":\"ImageObject\",\"inLanguage\":\"pt-BR\",\"@id\":\"https:\/\/central42.com.br\/novo\/billy-elliot\/#primaryimage\",\"url\":\"https:\/\/central42.com.br\/novo\/wp-content\/uploads\/2019\/03\/15524031035c87ca9fa9397_1552403103_3x2_md.jpg\",\"contentUrl\":\"https:\/\/central42.com.br\/novo\/wp-content\/uploads\/2019\/03\/15524031035c87ca9fa9397_1552403103_3x2_md.jpg\",\"width\":1170,\"height\":780,\"caption\":\"BILLY ELLIOT\"},{\"@type\":\"BreadcrumbList\",\"@id\":\"https:\/\/central42.com.br\/novo\/billy-elliot\/#breadcrumb\",\"itemListElement\":[{\"@type\":\"ListItem\",\"position\":1,\"name\":\"In\u00edcio\",\"item\":\"https:\/\/central42.com.br\/novo\/\"},{\"@type\":\"ListItem\",\"position\":2,\"name\":\"BILLY ELLIOT, O MUSICAL | Premiado musical estreia em S\u00e3o Paulo com montagem in\u00e9dita no Brasil\"}]},{\"@type\":\"WebSite\",\"@id\":\"https:\/\/central42.com.br\/novo\/#website\",\"url\":\"https:\/\/central42.com.br\/novo\/\",\"name\":\"Central 42\",\"description\":\"Cultura e entretenimento em um \u00fanico lugar\",\"potentialAction\":[{\"@type\":\"SearchAction\",\"target\":{\"@type\":\"EntryPoint\",\"urlTemplate\":\"https:\/\/central42.com.br\/novo\/?s={search_term_string}\"},\"query-input\":{\"@type\":\"PropertyValueSpecification\",\"valueRequired\":true,\"valueName\":\"search_term_string\"}}],\"inLanguage\":\"pt-BR\"},{\"@type\":\"Person\",\"@id\":\"https:\/\/central42.com.br\/novo\/#\/schema\/person\/e5b0ade6f21dd07bf86e4f130b38a130\",\"name\":\"Juliana Farina\",\"image\":{\"@type\":\"ImageObject\",\"inLanguage\":\"pt-BR\",\"@id\":\"https:\/\/secure.gravatar.com\/avatar\/97890f359c4962027ab417212b101d55a0cc464f9aa98eed547f1f33d07c36ee?s=96&d=wavatar&r=g\",\"url\":\"https:\/\/secure.gravatar.com\/avatar\/97890f359c4962027ab417212b101d55a0cc464f9aa98eed547f1f33d07c36ee?s=96&d=wavatar&r=g\",\"contentUrl\":\"https:\/\/secure.gravatar.com\/avatar\/97890f359c4962027ab417212b101d55a0cc464f9aa98eed547f1f33d07c36ee?s=96&d=wavatar&r=g\",\"caption\":\"Juliana Farina\"},\"description\":\"Eterna Social Media, sempre conectada. Apaixonada pela natureza, ama os animais, vegan, bailarina, Naturopata e curiosa.\",\"sameAs\":[\"https:\/\/www.facebook.com\/jufarina\",\"https:\/\/x.com\/JuFarina\"],\"url\":\"https:\/\/central42.com.br\/novo\/author\/julianahbf\/\"}]}<\/script>\n<!-- \/ Yoast SEO plugin. -->","yoast_head_json":{"title":"BILLY ELLIOT, O MUSICAL | Premiado musical estreia em S\u00e3o Paulo com montagem in\u00e9dita no Brasil","description":"Billy Elliot j\u00e1 foi assistido por mais de oito milh\u00f5es de pessoas em todo o mundo e ganha montagem in\u00e9dita no Brasil assinada pelo\u00a0Atelier de Cultura\u00a0","robots":{"index":"index","follow":"follow","max-snippet":"max-snippet:-1","max-image-preview":"max-image-preview:large","max-video-preview":"max-video-preview:-1"},"canonical":"https:\/\/central42.com.br\/novo\/billy-elliot\/","og_locale":"pt_BR","og_type":"article","og_title":"BILLY ELLIOT, O MUSICAL | Premiado musical estreia em S\u00e3o Paulo com montagem in\u00e9dita no Brasil","og_description":"Billy Elliot j\u00e1 foi assistido por mais de oito milh\u00f5es de pessoas em todo o mundo e ganha montagem in\u00e9dita no Brasil assinada pelo\u00a0Atelier de Cultura\u00a0","og_url":"https:\/\/central42.com.br\/novo\/billy-elliot\/","og_site_name":"Central 42","article_publisher":"https:\/\/www.facebook.com\/Central42","article_author":"https:\/\/www.facebook.com\/jufarina","article_published_time":"2019-03-18T03:04:53+00:00","article_modified_time":"2019-03-19T17:51:55+00:00","og_image":[{"width":1170,"height":780,"url":"https:\/\/central42.com.br\/novo\/wp-content\/uploads\/2019\/03\/15524031035c87ca9fa9397_1552403103_3x2_md.jpg","type":"image\/jpeg"}],"author":"Juliana Farina","twitter_misc":{"Escrito por":"Juliana Farina","Est. tempo de leitura":"4 minutos"},"schema":{"@context":"https:\/\/schema.org","@graph":[{"@type":"Article","@id":"https:\/\/central42.com.br\/novo\/billy-elliot\/#article","isPartOf":{"@id":"https:\/\/central42.com.br\/novo\/billy-elliot\/"},"author":{"name":"Juliana Farina","@id":"https:\/\/central42.com.br\/novo\/#\/schema\/person\/e5b0ade6f21dd07bf86e4f130b38a130"},"headline":"BILLY ELLIOT, O MUSICAL | Premiado musical estreia em S\u00e3o Paulo com montagem in\u00e9dita no Brasil","datePublished":"2019-03-18T03:04:53+00:00","dateModified":"2019-03-19T17:51:55+00:00","mainEntityOfPage":{"@id":"https:\/\/central42.com.br\/novo\/billy-elliot\/"},"wordCount":756,"image":{"@id":"https:\/\/central42.com.br\/novo\/billy-elliot\/#primaryimage"},"thumbnailUrl":"https:\/\/central42.com.br\/novo\/wp-content\/uploads\/2019\/03\/15524031035c87ca9fa9397_1552403103_3x2_md.jpg","keywords":["bailarino","balet","billy elliot","dan\u00e7a","Elton John","Musical","premiado","Teatro","v\u00e1 ao teatro"],"articleSection":["V\u00e1 ao Teatro"],"inLanguage":"pt-BR"},{"@type":"WebPage","@id":"https:\/\/central42.com.br\/novo\/billy-elliot\/","url":"https:\/\/central42.com.br\/novo\/billy-elliot\/","name":"BILLY ELLIOT, O MUSICAL | Premiado musical estreia em S\u00e3o Paulo com montagem in\u00e9dita no Brasil","isPartOf":{"@id":"https:\/\/central42.com.br\/novo\/#website"},"primaryImageOfPage":{"@id":"https:\/\/central42.com.br\/novo\/billy-elliot\/#primaryimage"},"image":{"@id":"https:\/\/central42.com.br\/novo\/billy-elliot\/#primaryimage"},"thumbnailUrl":"https:\/\/central42.com.br\/novo\/wp-content\/uploads\/2019\/03\/15524031035c87ca9fa9397_1552403103_3x2_md.jpg","datePublished":"2019-03-18T03:04:53+00:00","dateModified":"2019-03-19T17:51:55+00:00","author":{"@id":"https:\/\/central42.com.br\/novo\/#\/schema\/person\/e5b0ade6f21dd07bf86e4f130b38a130"},"description":"Billy Elliot j\u00e1 foi assistido por mais de oito milh\u00f5es de pessoas em todo o mundo e ganha montagem in\u00e9dita no Brasil assinada pelo\u00a0Atelier de Cultura\u00a0","breadcrumb":{"@id":"https:\/\/central42.com.br\/novo\/billy-elliot\/#breadcrumb"},"inLanguage":"pt-BR","potentialAction":[{"@type":"ReadAction","target":["https:\/\/central42.com.br\/novo\/billy-elliot\/"]}]},{"@type":"ImageObject","inLanguage":"pt-BR","@id":"https:\/\/central42.com.br\/novo\/billy-elliot\/#primaryimage","url":"https:\/\/central42.com.br\/novo\/wp-content\/uploads\/2019\/03\/15524031035c87ca9fa9397_1552403103_3x2_md.jpg","contentUrl":"https:\/\/central42.com.br\/novo\/wp-content\/uploads\/2019\/03\/15524031035c87ca9fa9397_1552403103_3x2_md.jpg","width":1170,"height":780,"caption":"BILLY ELLIOT"},{"@type":"BreadcrumbList","@id":"https:\/\/central42.com.br\/novo\/billy-elliot\/#breadcrumb","itemListElement":[{"@type":"ListItem","position":1,"name":"In\u00edcio","item":"https:\/\/central42.com.br\/novo\/"},{"@type":"ListItem","position":2,"name":"BILLY ELLIOT, O MUSICAL | Premiado musical estreia em S\u00e3o Paulo com montagem in\u00e9dita no Brasil"}]},{"@type":"WebSite","@id":"https:\/\/central42.com.br\/novo\/#website","url":"https:\/\/central42.com.br\/novo\/","name":"Central 42","description":"Cultura e entretenimento em um \u00fanico lugar","potentialAction":[{"@type":"SearchAction","target":{"@type":"EntryPoint","urlTemplate":"https:\/\/central42.com.br\/novo\/?s={search_term_string}"},"query-input":{"@type":"PropertyValueSpecification","valueRequired":true,"valueName":"search_term_string"}}],"inLanguage":"pt-BR"},{"@type":"Person","@id":"https:\/\/central42.com.br\/novo\/#\/schema\/person\/e5b0ade6f21dd07bf86e4f130b38a130","name":"Juliana Farina","image":{"@type":"ImageObject","inLanguage":"pt-BR","@id":"https:\/\/secure.gravatar.com\/avatar\/97890f359c4962027ab417212b101d55a0cc464f9aa98eed547f1f33d07c36ee?s=96&d=wavatar&r=g","url":"https:\/\/secure.gravatar.com\/avatar\/97890f359c4962027ab417212b101d55a0cc464f9aa98eed547f1f33d07c36ee?s=96&d=wavatar&r=g","contentUrl":"https:\/\/secure.gravatar.com\/avatar\/97890f359c4962027ab417212b101d55a0cc464f9aa98eed547f1f33d07c36ee?s=96&d=wavatar&r=g","caption":"Juliana Farina"},"description":"Eterna Social Media, sempre conectada. Apaixonada pela natureza, ama os animais, vegan, bailarina, Naturopata e curiosa.","sameAs":["https:\/\/www.facebook.com\/jufarina","https:\/\/x.com\/JuFarina"],"url":"https:\/\/central42.com.br\/novo\/author\/julianahbf\/"}]}},"_links":{"self":[{"href":"https:\/\/central42.com.br\/novo\/wp-json\/wp\/v2\/posts\/27147","targetHints":{"allow":["GET"]}}],"collection":[{"href":"https:\/\/central42.com.br\/novo\/wp-json\/wp\/v2\/posts"}],"about":[{"href":"https:\/\/central42.com.br\/novo\/wp-json\/wp\/v2\/types\/post"}],"author":[{"embeddable":true,"href":"https:\/\/central42.com.br\/novo\/wp-json\/wp\/v2\/users\/39"}],"replies":[{"embeddable":true,"href":"https:\/\/central42.com.br\/novo\/wp-json\/wp\/v2\/comments?post=27147"}],"version-history":[{"count":4,"href":"https:\/\/central42.com.br\/novo\/wp-json\/wp\/v2\/posts\/27147\/revisions"}],"predecessor-version":[{"id":27168,"href":"https:\/\/central42.com.br\/novo\/wp-json\/wp\/v2\/posts\/27147\/revisions\/27168"}],"wp:featuredmedia":[{"embeddable":true,"href":"https:\/\/central42.com.br\/novo\/wp-json\/wp\/v2\/media\/27159"}],"wp:attachment":[{"href":"https:\/\/central42.com.br\/novo\/wp-json\/wp\/v2\/media?parent=27147"}],"wp:term":[{"taxonomy":"category","embeddable":true,"href":"https:\/\/central42.com.br\/novo\/wp-json\/wp\/v2\/categories?post=27147"},{"taxonomy":"post_tag","embeddable":true,"href":"https:\/\/central42.com.br\/novo\/wp-json\/wp\/v2\/tags?post=27147"}],"curies":[{"name":"wp","href":"https:\/\/api.w.org\/{rel}","templated":true}]}}