{"id":27143,"date":"2019-03-09T23:19:06","date_gmt":"2019-03-10T02:19:06","guid":{"rendered":"https:\/\/central42.com.br\/novo\/?p=27143"},"modified":"2019-03-09T23:32:38","modified_gmt":"2019-03-10T02:32:38","slug":"importancia-capita-marvel","status":"publish","type":"post","link":"https:\/\/central42.com.br\/novo\/importancia-capita-marvel\/","title":{"rendered":"A import\u00e2ncia do filme da Capit\u00e3 Marvel"},"content":{"rendered":"<!-- Start Audima Widget Injection -->\n<div id=\"audimaWidget\"><\/div>\n<script src=\"https:\/\/audio.audima.co\/audima-widget.js\"><\/script>\n<!-- End Audima Widget Injection -->\n\n<p><strong><em>Capit\u00e3 Marvel<\/em><\/strong>, sem d\u00favidas, era um dos filmes mais esperados da Casa das Ideias e, gostando ou n\u00e3o do resultado final, essa produ\u00e7\u00e3o tem uma import\u00e2ncia muito grande ao trazer a primeira hero\u00edna protagonista de um filme do Universo Cinematogr\u00e1fico Marvel. <\/p>\n\n\n\n<p>Num formato totalmente novo, eu recebo algumas convidadas para falarem um pouquinho sobre a import\u00e2ncia de CAPIT\u00c3 MARVEL chegar aos cinemas!<br \/><\/p>\n\n\n\n<figure class=\"wp-block-embed-youtube wp-block-embed is-type-video is-provider-youtube wp-embed-aspect-16-9 wp-has-aspect-ratio\"><div class=\"wp-block-embed__wrapper\">\n<iframe width=\"770\" height=\"433\" src=\"https:\/\/www.youtube.com\/embed\/83oTkVpii7Q?feature=oembed\" frameborder=\"0\" allow=\"accelerometer; autoplay; encrypted-media; gyroscope; picture-in-picture\" allowfullscreen><\/iframe>\n<\/div><\/figure>\n\n\n\n<h4 class=\"wp-block-heading\">Se inscreva no&nbsp;<a href=\"https:\/\/www.youtube.com\/channel\/UCzJF1FUflnyghZNt4bLXyqw\" target=\"_blank\" rel=\"noreferrer noopener\">meu canal<\/a>&nbsp;pra acompanhar outros v\u00eddeos!&nbsp;<\/h4>\n\n\n\n<h4 class=\"wp-block-heading\">E acompanhe minhas publica\u00e7\u00f5es,\u00a0<a href=\"https:\/\/central42.com.br\/novo\/category\/sessao-de-aluguel\/\" target=\"_blank\" rel=\"noreferrer noopener\" aria-label=\" (opens in a new tab)\">Sess\u00e3o de Aluguel<\/a>, aqui, no Central 42.<\/h4>\n<script>console.log('Aud01');<\/script>","protected":false},"excerpt":{"rendered":"<p>Capit\u00e3 Marvel, sem d\u00favidas, era um dos filmes mais esperados da Casa das Ideias e, gostando ou n\u00e3o, essa produ\u00e7\u00e3o tem import\u00e2ncia muito grande<\/p>\n","protected":false},"author":77,"featured_media":27144,"comment_status":"closed","ping_status":"open","sticky":false,"template":"","format":"standard","meta":{"_monsterinsights_skip_tracking":false,"_monsterinsights_sitenote_active":false,"_monsterinsights_sitenote_note":"","_monsterinsights_sitenote_category":0,"footnotes":""},"categories":[8,2289,10061],"tags":[10201,10180,10069,10179,10497,10494,10495,9029,10496,10078,10498,10501,1486,10503,10502,10500,10499,5714,4212,10064],"class_list":{"0":"post-27143","1":"post","2":"type-post","3":"status-publish","4":"format-standard","5":"has-post-thumbnail","7":"category-cinema","8":"category-quadrinhos-2","9":"category-sessao-de-aluguel","10":"tag-5e55ao-curiosidades","11":"tag-5e55ao-de-4lugu3l","12":"tag-5e55ao-rebobinando","13":"tag-5e55ao-reviews","14":"tag-a-importancia-da-capita-marvel","15":"tag-capita-marvel-critica","16":"tag-cena-pos-credito-capita-marvel","17":"tag-com-spoilers","18":"tag-explicando-final-capita-marvel","19":"tag-marcus-lazaro","20":"tag-melhor-heroina-da-marvel","21":"tag-melhores-filmes-marvel","22":"tag-mulher-maravilha","23":"tag-pior-filme-da-marvel","24":"tag-piores-filmes-marvel","25":"tag-primeiro-filme-de-heroina","26":"tag-primeiro-filme-protagonizado-por-mulher","27":"tag-review","28":"tag-sem-spoilers","29":"tag-sessao-de-aluguel"},"yoast_head":"<!-- This site is optimized with the Yoast SEO plugin v27.2 - https:\/\/yoast.com\/product\/yoast-seo-wordpress\/ -->\n<title>A import\u00e2ncia do filme da Capit\u00e3 Marvel<\/title>\n<meta name=\"description\" content=\"Capit\u00e3 Marvel, sem d\u00favidas, era um dos filmes mais esperados da Casa das Ideias e, gostando ou n\u00e3o, essa produ\u00e7\u00e3o tem import\u00e2ncia muito grande\" \/>\n<meta name=\"robots\" content=\"index, follow, max-snippet:-1, max-image-preview:large, max-video-preview:-1\" \/>\n<link rel=\"canonical\" href=\"https:\/\/central42.com.br\/novo\/importancia-capita-marvel\/\" \/>\n<meta property=\"og:locale\" content=\"pt_BR\" \/>\n<meta property=\"og:type\" content=\"article\" \/>\n<meta property=\"og:title\" content=\"A import\u00e2ncia do filme da Capit\u00e3 Marvel\" \/>\n<meta property=\"og:description\" content=\"Capit\u00e3 Marvel, sem d\u00favidas, era um dos filmes mais esperados da Casa das Ideias e, gostando ou n\u00e3o, essa produ\u00e7\u00e3o tem import\u00e2ncia muito grande\" \/>\n<meta property=\"og:url\" content=\"https:\/\/central42.com.br\/novo\/importancia-capita-marvel\/\" \/>\n<meta property=\"og:site_name\" content=\"Central 42\" \/>\n<meta property=\"article:publisher\" content=\"https:\/\/www.facebook.com\/Central42\" \/>\n<meta property=\"article:published_time\" content=\"2019-03-10T02:19:06+00:00\" \/>\n<meta property=\"article:modified_time\" content=\"2019-03-10T02:32:38+00:00\" \/>\n<meta property=\"og:image\" content=\"https:\/\/central42.com.br\/novo\/wp-content\/uploads\/2019\/03\/53417221_1152998598191335_6217301907870842880_o.jpg\" \/>\n\t<meta property=\"og:image:width\" content=\"1280\" \/>\n\t<meta property=\"og:image:height\" content=\"720\" \/>\n\t<meta property=\"og:image:type\" content=\"image\/jpeg\" \/>\n<meta name=\"author\" content=\"Marcus Lazaro\" \/>\n<meta name=\"twitter:label1\" content=\"Escrito por\" \/>\n\t<meta name=\"twitter:data1\" content=\"Marcus Lazaro\" \/>\n<script type=\"application\/ld+json\" class=\"yoast-schema-graph\">{\"@context\":\"https:\/\/schema.org\",\"@graph\":[{\"@type\":\"Article\",\"@id\":\"https:\/\/central42.com.br\/novo\/importancia-capita-marvel\/#article\",\"isPartOf\":{\"@id\":\"https:\/\/central42.com.br\/novo\/importancia-capita-marvel\/\"},\"author\":{\"name\":\"Marcus Lazaro\",\"@id\":\"https:\/\/central42.com.br\/novo\/#\/schema\/person\/0265adf8b9397e00e9af7664062297bb\"},\"headline\":\"A import\u00e2ncia do filme da Capit\u00e3 Marvel\",\"datePublished\":\"2019-03-10T02:19:06+00:00\",\"dateModified\":\"2019-03-10T02:32:38+00:00\",\"mainEntityOfPage\":{\"@id\":\"https:\/\/central42.com.br\/novo\/importancia-capita-marvel\/\"},\"wordCount\":85,\"image\":{\"@id\":\"https:\/\/central42.com.br\/novo\/importancia-capita-marvel\/#primaryimage\"},\"thumbnailUrl\":\"https:\/\/central42.com.br\/novo\/wp-content\/uploads\/2019\/03\/53417221_1152998598191335_6217301907870842880_o.jpg\",\"keywords\":[\"5e55ao curiosidades\",\"5e55ao de 4lugu3l\",\"5e55ao rebobinando\",\"5e55ao reviews\",\"a import\u00e2ncia da capit\u00e3 marvel\",\"capit\u00e3 marvel cr\u00edtica\",\"cena p\u00f3s cr\u00e9dito capit\u00e3 marvel\",\"com spoilers\",\"explicando final capit\u00e3 marvel\",\"marcus lazaro\",\"melhor hero\u00edna da marvel\",\"melhores filmes marvel\",\"Mulher-Maravilha\",\"pior filme da marvel\",\"piores filmes marvel\",\"primeiro filme de hero\u00edna\",\"primeiro filme protagonizado por mulher\",\"review\",\"sem spoilers\",\"sess\u00e3o de aluguel\"],\"articleSection\":[\"Cinema\",\"Quadrinhos\",\"Sess\u00e3o de Aluguel\"],\"inLanguage\":\"pt-BR\"},{\"@type\":\"WebPage\",\"@id\":\"https:\/\/central42.com.br\/novo\/importancia-capita-marvel\/\",\"url\":\"https:\/\/central42.com.br\/novo\/importancia-capita-marvel\/\",\"name\":\"A import\u00e2ncia do filme da Capit\u00e3 Marvel\",\"isPartOf\":{\"@id\":\"https:\/\/central42.com.br\/novo\/#website\"},\"primaryImageOfPage\":{\"@id\":\"https:\/\/central42.com.br\/novo\/importancia-capita-marvel\/#primaryimage\"},\"image\":{\"@id\":\"https:\/\/central42.com.br\/novo\/importancia-capita-marvel\/#primaryimage\"},\"thumbnailUrl\":\"https:\/\/central42.com.br\/novo\/wp-content\/uploads\/2019\/03\/53417221_1152998598191335_6217301907870842880_o.jpg\",\"datePublished\":\"2019-03-10T02:19:06+00:00\",\"dateModified\":\"2019-03-10T02:32:38+00:00\",\"author\":{\"@id\":\"https:\/\/central42.com.br\/novo\/#\/schema\/person\/0265adf8b9397e00e9af7664062297bb\"},\"description\":\"Capit\u00e3 Marvel, sem d\u00favidas, era um dos filmes mais esperados da Casa das Ideias e, gostando ou n\u00e3o, essa produ\u00e7\u00e3o tem import\u00e2ncia muito grande\",\"breadcrumb\":{\"@id\":\"https:\/\/central42.com.br\/novo\/importancia-capita-marvel\/#breadcrumb\"},\"inLanguage\":\"pt-BR\",\"potentialAction\":[{\"@type\":\"ReadAction\",\"target\":[\"https:\/\/central42.com.br\/novo\/importancia-capita-marvel\/\"]}]},{\"@type\":\"ImageObject\",\"inLanguage\":\"pt-BR\",\"@id\":\"https:\/\/central42.com.br\/novo\/importancia-capita-marvel\/#primaryimage\",\"url\":\"https:\/\/central42.com.br\/novo\/wp-content\/uploads\/2019\/03\/53417221_1152998598191335_6217301907870842880_o.jpg\",\"contentUrl\":\"https:\/\/central42.com.br\/novo\/wp-content\/uploads\/2019\/03\/53417221_1152998598191335_6217301907870842880_o.jpg\",\"width\":1280,\"height\":720,\"caption\":\"Capit\u00e3 Marvel\"},{\"@type\":\"BreadcrumbList\",\"@id\":\"https:\/\/central42.com.br\/novo\/importancia-capita-marvel\/#breadcrumb\",\"itemListElement\":[{\"@type\":\"ListItem\",\"position\":1,\"name\":\"In\u00edcio\",\"item\":\"https:\/\/central42.com.br\/novo\/\"},{\"@type\":\"ListItem\",\"position\":2,\"name\":\"A import\u00e2ncia do filme da Capit\u00e3 Marvel\"}]},{\"@type\":\"WebSite\",\"@id\":\"https:\/\/central42.com.br\/novo\/#website\",\"url\":\"https:\/\/central42.com.br\/novo\/\",\"name\":\"Central 42\",\"description\":\"Cultura e entretenimento em um \u00fanico lugar\",\"potentialAction\":[{\"@type\":\"SearchAction\",\"target\":{\"@type\":\"EntryPoint\",\"urlTemplate\":\"https:\/\/central42.com.br\/novo\/?s={search_term_string}\"},\"query-input\":{\"@type\":\"PropertyValueSpecification\",\"valueRequired\":true,\"valueName\":\"search_term_string\"}}],\"inLanguage\":\"pt-BR\"},{\"@type\":\"Person\",\"@id\":\"https:\/\/central42.com.br\/novo\/#\/schema\/person\/0265adf8b9397e00e9af7664062297bb\",\"name\":\"Marcus Lazaro\",\"image\":{\"@type\":\"ImageObject\",\"inLanguage\":\"pt-BR\",\"@id\":\"https:\/\/secure.gravatar.com\/avatar\/85051c31697fc122606c03339cf1435ab5453b26d034924ecbaf4807916481e6?s=96&d=wavatar&r=g\",\"url\":\"https:\/\/secure.gravatar.com\/avatar\/85051c31697fc122606c03339cf1435ab5453b26d034924ecbaf4807916481e6?s=96&d=wavatar&r=g\",\"contentUrl\":\"https:\/\/secure.gravatar.com\/avatar\/85051c31697fc122606c03339cf1435ab5453b26d034924ecbaf4807916481e6?s=96&d=wavatar&r=g\",\"caption\":\"Marcus Lazaro\"},\"sameAs\":[\"https:\/\/youtube.com\/user\/sessaodealuguel\"],\"url\":\"https:\/\/central42.com.br\/novo\/author\/sessaoaluguel\/\"}]}<\/script>\n<!-- \/ Yoast SEO plugin. -->","yoast_head_json":{"title":"A import\u00e2ncia do filme da Capit\u00e3 Marvel","description":"Capit\u00e3 Marvel, sem d\u00favidas, era um dos filmes mais esperados da Casa das Ideias e, gostando ou n\u00e3o, essa produ\u00e7\u00e3o tem import\u00e2ncia muito grande","robots":{"index":"index","follow":"follow","max-snippet":"max-snippet:-1","max-image-preview":"max-image-preview:large","max-video-preview":"max-video-preview:-1"},"canonical":"https:\/\/central42.com.br\/novo\/importancia-capita-marvel\/","og_locale":"pt_BR","og_type":"article","og_title":"A import\u00e2ncia do filme da Capit\u00e3 Marvel","og_description":"Capit\u00e3 Marvel, sem d\u00favidas, era um dos filmes mais esperados da Casa das Ideias e, gostando ou n\u00e3o, essa produ\u00e7\u00e3o tem import\u00e2ncia muito grande","og_url":"https:\/\/central42.com.br\/novo\/importancia-capita-marvel\/","og_site_name":"Central 42","article_publisher":"https:\/\/www.facebook.com\/Central42","article_published_time":"2019-03-10T02:19:06+00:00","article_modified_time":"2019-03-10T02:32:38+00:00","og_image":[{"width":1280,"height":720,"url":"https:\/\/central42.com.br\/novo\/wp-content\/uploads\/2019\/03\/53417221_1152998598191335_6217301907870842880_o.jpg","type":"image\/jpeg"}],"author":"Marcus Lazaro","twitter_misc":{"Escrito por":"Marcus Lazaro"},"schema":{"@context":"https:\/\/schema.org","@graph":[{"@type":"Article","@id":"https:\/\/central42.com.br\/novo\/importancia-capita-marvel\/#article","isPartOf":{"@id":"https:\/\/central42.com.br\/novo\/importancia-capita-marvel\/"},"author":{"name":"Marcus Lazaro","@id":"https:\/\/central42.com.br\/novo\/#\/schema\/person\/0265adf8b9397e00e9af7664062297bb"},"headline":"A import\u00e2ncia do filme da Capit\u00e3 Marvel","datePublished":"2019-03-10T02:19:06+00:00","dateModified":"2019-03-10T02:32:38+00:00","mainEntityOfPage":{"@id":"https:\/\/central42.com.br\/novo\/importancia-capita-marvel\/"},"wordCount":85,"image":{"@id":"https:\/\/central42.com.br\/novo\/importancia-capita-marvel\/#primaryimage"},"thumbnailUrl":"https:\/\/central42.com.br\/novo\/wp-content\/uploads\/2019\/03\/53417221_1152998598191335_6217301907870842880_o.jpg","keywords":["5e55ao curiosidades","5e55ao de 4lugu3l","5e55ao rebobinando","5e55ao reviews","a import\u00e2ncia da capit\u00e3 marvel","capit\u00e3 marvel cr\u00edtica","cena p\u00f3s cr\u00e9dito capit\u00e3 marvel","com spoilers","explicando final capit\u00e3 marvel","marcus lazaro","melhor hero\u00edna da marvel","melhores filmes marvel","Mulher-Maravilha","pior filme da marvel","piores filmes marvel","primeiro filme de hero\u00edna","primeiro filme protagonizado por mulher","review","sem spoilers","sess\u00e3o de aluguel"],"articleSection":["Cinema","Quadrinhos","Sess\u00e3o de Aluguel"],"inLanguage":"pt-BR"},{"@type":"WebPage","@id":"https:\/\/central42.com.br\/novo\/importancia-capita-marvel\/","url":"https:\/\/central42.com.br\/novo\/importancia-capita-marvel\/","name":"A import\u00e2ncia do filme da Capit\u00e3 Marvel","isPartOf":{"@id":"https:\/\/central42.com.br\/novo\/#website"},"primaryImageOfPage":{"@id":"https:\/\/central42.com.br\/novo\/importancia-capita-marvel\/#primaryimage"},"image":{"@id":"https:\/\/central42.com.br\/novo\/importancia-capita-marvel\/#primaryimage"},"thumbnailUrl":"https:\/\/central42.com.br\/novo\/wp-content\/uploads\/2019\/03\/53417221_1152998598191335_6217301907870842880_o.jpg","datePublished":"2019-03-10T02:19:06+00:00","dateModified":"2019-03-10T02:32:38+00:00","author":{"@id":"https:\/\/central42.com.br\/novo\/#\/schema\/person\/0265adf8b9397e00e9af7664062297bb"},"description":"Capit\u00e3 Marvel, sem d\u00favidas, era um dos filmes mais esperados da Casa das Ideias e, gostando ou n\u00e3o, essa produ\u00e7\u00e3o tem import\u00e2ncia muito grande","breadcrumb":{"@id":"https:\/\/central42.com.br\/novo\/importancia-capita-marvel\/#breadcrumb"},"inLanguage":"pt-BR","potentialAction":[{"@type":"ReadAction","target":["https:\/\/central42.com.br\/novo\/importancia-capita-marvel\/"]}]},{"@type":"ImageObject","inLanguage":"pt-BR","@id":"https:\/\/central42.com.br\/novo\/importancia-capita-marvel\/#primaryimage","url":"https:\/\/central42.com.br\/novo\/wp-content\/uploads\/2019\/03\/53417221_1152998598191335_6217301907870842880_o.jpg","contentUrl":"https:\/\/central42.com.br\/novo\/wp-content\/uploads\/2019\/03\/53417221_1152998598191335_6217301907870842880_o.jpg","width":1280,"height":720,"caption":"Capit\u00e3 Marvel"},{"@type":"BreadcrumbList","@id":"https:\/\/central42.com.br\/novo\/importancia-capita-marvel\/#breadcrumb","itemListElement":[{"@type":"ListItem","position":1,"name":"In\u00edcio","item":"https:\/\/central42.com.br\/novo\/"},{"@type":"ListItem","position":2,"name":"A import\u00e2ncia do filme da Capit\u00e3 Marvel"}]},{"@type":"WebSite","@id":"https:\/\/central42.com.br\/novo\/#website","url":"https:\/\/central42.com.br\/novo\/","name":"Central 42","description":"Cultura e entretenimento em um \u00fanico lugar","potentialAction":[{"@type":"SearchAction","target":{"@type":"EntryPoint","urlTemplate":"https:\/\/central42.com.br\/novo\/?s={search_term_string}"},"query-input":{"@type":"PropertyValueSpecification","valueRequired":true,"valueName":"search_term_string"}}],"inLanguage":"pt-BR"},{"@type":"Person","@id":"https:\/\/central42.com.br\/novo\/#\/schema\/person\/0265adf8b9397e00e9af7664062297bb","name":"Marcus Lazaro","image":{"@type":"ImageObject","inLanguage":"pt-BR","@id":"https:\/\/secure.gravatar.com\/avatar\/85051c31697fc122606c03339cf1435ab5453b26d034924ecbaf4807916481e6?s=96&d=wavatar&r=g","url":"https:\/\/secure.gravatar.com\/avatar\/85051c31697fc122606c03339cf1435ab5453b26d034924ecbaf4807916481e6?s=96&d=wavatar&r=g","contentUrl":"https:\/\/secure.gravatar.com\/avatar\/85051c31697fc122606c03339cf1435ab5453b26d034924ecbaf4807916481e6?s=96&d=wavatar&r=g","caption":"Marcus Lazaro"},"sameAs":["https:\/\/youtube.com\/user\/sessaodealuguel"],"url":"https:\/\/central42.com.br\/novo\/author\/sessaoaluguel\/"}]}},"_links":{"self":[{"href":"https:\/\/central42.com.br\/novo\/wp-json\/wp\/v2\/posts\/27143","targetHints":{"allow":["GET"]}}],"collection":[{"href":"https:\/\/central42.com.br\/novo\/wp-json\/wp\/v2\/posts"}],"about":[{"href":"https:\/\/central42.com.br\/novo\/wp-json\/wp\/v2\/types\/post"}],"author":[{"embeddable":true,"href":"https:\/\/central42.com.br\/novo\/wp-json\/wp\/v2\/users\/77"}],"replies":[{"embeddable":true,"href":"https:\/\/central42.com.br\/novo\/wp-json\/wp\/v2\/comments?post=27143"}],"version-history":[{"count":1,"href":"https:\/\/central42.com.br\/novo\/wp-json\/wp\/v2\/posts\/27143\/revisions"}],"predecessor-version":[{"id":27145,"href":"https:\/\/central42.com.br\/novo\/wp-json\/wp\/v2\/posts\/27143\/revisions\/27145"}],"wp:featuredmedia":[{"embeddable":true,"href":"https:\/\/central42.com.br\/novo\/wp-json\/wp\/v2\/media\/27144"}],"wp:attachment":[{"href":"https:\/\/central42.com.br\/novo\/wp-json\/wp\/v2\/media?parent=27143"}],"wp:term":[{"taxonomy":"category","embeddable":true,"href":"https:\/\/central42.com.br\/novo\/wp-json\/wp\/v2\/categories?post=27143"},{"taxonomy":"post_tag","embeddable":true,"href":"https:\/\/central42.com.br\/novo\/wp-json\/wp\/v2\/tags?post=27143"}],"curies":[{"name":"wp","href":"https:\/\/api.w.org\/{rel}","templated":true}]}}