{"id":26693,"date":"2019-01-20T00:17:56","date_gmt":"2019-01-20T03:17:56","guid":{"rendered":"https:\/\/central42.com.br\/novo\/?p=26693"},"modified":"2019-01-20T00:18:01","modified_gmt":"2019-01-20T03:18:01","slug":"vidro","status":"publish","type":"post","link":"https:\/\/central42.com.br\/novo\/vidro\/","title":{"rendered":"Vidro \u00e9 a constata\u00e7\u00e3o de um artista que n\u00e3o tem o que dizer"},"content":{"rendered":"<!-- Start Audima Widget Injection -->\n<div id=\"audimaWidget\"><\/div>\n<script src=\"https:\/\/audio.audima.co\/audima-widget.js\"><\/script>\n<!-- End Audima Widget Injection -->\n\n<p>Concebido numa \u00e9poca onde os filmes de super-her\u00f3i eram tratados como meras bobagens feitas sob medida para crian\u00e7as, <em><strong>Corpo Fechado<\/strong><\/em> trazia como maior surpresa justamente sua abordagem desse tema, j\u00e1 que tratava com absoluta seriedade o universo dos quadrinhos. <\/p>\n\n\n\n<div class=\"wp-block-image\"><figure class=\"alignright\"><img fetchpriority=\"high\" decoding=\"async\" width=\"520\" height=\"650\" src=\"https:\/\/central42.com.br\/novo\/wp-content\/uploads\/2019\/01\/3142885.jpg-r_1920_1080-f_jpg-q_x-xxyxx-520x650.jpg\" alt=\"Vidro\" class=\"wp-image-26723\" srcset=\"https:\/\/central42.com.br\/novo\/wp-content\/uploads\/2019\/01\/3142885.jpg-r_1920_1080-f_jpg-q_x-xxyxx-520x650.jpg 520w, https:\/\/central42.com.br\/novo\/wp-content\/uploads\/2019\/01\/3142885.jpg-r_1920_1080-f_jpg-q_x-xxyxx-120x150.jpg 120w, https:\/\/central42.com.br\/novo\/wp-content\/uploads\/2019\/01\/3142885.jpg-r_1920_1080-f_jpg-q_x-xxyxx-240x300.jpg 240w, https:\/\/central42.com.br\/novo\/wp-content\/uploads\/2019\/01\/3142885.jpg-r_1920_1080-f_jpg-q_x-xxyxx.jpg 640w\" sizes=\"(max-width: 520px) 100vw, 520px\" \/><\/figure><\/div>\n\n\n\n<p>Mais do que isso, Unbreakable (no original), n\u00e3o hesitava em explicar elementos caracter\u00edsticos das HQs apenas para introduzi-los de forma org\u00e2nica e at\u00e9 mesmo fascinante em sua trama, que por sua vez era protagonizada por atores do calibre de Samuel L. Jackson e Bruce Willis. Portanto, o sucesso da obra foi mais do que merecido e uma continua\u00e7\u00e3o passou a ser vorazmente desejada.\u00a0<\/p>\n\n\n\n<p>Assim, 16 anos depois, veio <strong><em>Fragmentado<\/em><\/strong>, longa estrelado por um inspirad\u00edssimos James McAvoy que trazia em seu terceiro ato uma reviravolta que revelava uma surpreendente e improv\u00e1vel liga\u00e7\u00e3o com Corpo Fechado. Foi a forma que o diretor e roteirista M. Night Shyamalan encontrou para tornar poss\u00edvel a t\u00e3o sonhada continua\u00e7\u00e3o do filme de 2000.<\/p>\n\n\n\n<p> Mais tr\u00eas anos se passaram e o momento finalmente chegou: David Dunn (Willis) e Samuel L. Jackson (Sr. Vidro) finalmente se reencontraram e agora est\u00e3o acompanhados tamb\u00e9m por Kevin e suas 24 personalidades (James McAvoy).<\/p>\n\n\n\n<p>O problema \u00e9 que quando Corpo Fechado estreou, os filmes de super-her\u00f3is n\u00e3o eram o subg\u00eanero que representam hoje. Se no in\u00edcio do mil\u00eanio era dif\u00edcil Hollywood produzir mais que uma adapta\u00e7\u00e3o de quadrinhos por ano, hoje em dia \u00e9 implaus\u00edvel imaginar um ano com menos de tr\u00eas ou quatro produ\u00e7\u00f5es focadas em seres super-humanos. <\/p>\n\n\n\n<p>Por isso, <strong><em>Vidro <\/em><\/strong>j\u00e1 parte de uma premissa datada, obsoleta onde os tempos s\u00e3o outros. Antes era divertido acompanharmos os longos mon\u00f3logos do vil\u00e3o de Samuel L. Jackson, cheios de refer\u00eancias \u00e0 estrutura dos quadrinhos. Hoje, isso j\u00e1 passou longe de ser considerado algo inovador, pois j\u00e1 tivemos filmes muito bem sucedidos e maduros com a mesma proposta (vide O Cavaleiro das Trevas, Watchmen e tantos outros). <\/p>\n\n\n\n<p>Exatamente por isso, depois de longas cenas em sil\u00eancio, quando o Sr. Vidro finalmente abre a boca para falar das \u201cregras\u201d das hist\u00f3rias em quadrinhos, n\u00e3o sofremos o impacto que Shyamalan tanto trabalhou para provocar.<\/p>\n\n\n\n<p>Esse sentimento de falta de novidade permeia toda a obra, mas \u00e9 agravada pela decepcionante estrutura narrativa adotada pelo outrora promissor diretor\/roteirista. Logo depois de um in\u00edcio animador, somos obrigados a testemunhar v\u00e1rias e v\u00e1rias sequ\u00eancias em que o trio protagonista \u00e9 submetido a longas entrevistas de uma suposta psic\u00f3loga \u201cespecialista em indiv\u00edduos que pensam serem super-her\u00f3is\u201d (Sarah Paulson), determinada a convencer n\u00e3o apenas os personagens como tamb\u00e9m ao espectador de que tudo n\u00e3o passa de trucagens da mente. Para entender meu argumento, basta pensar num filme dos Vingadores onde os her\u00f3is passam o tempo todo numa sala sendo convencidos de que n\u00e3o s\u00e3o super-her\u00f3is.<\/p>\n\n\n\n<p>A frustra\u00e7\u00e3o pelo precioso tempo desperdi\u00e7ado gera irrita\u00e7\u00e3o quando percebemos que Shyamalan, na verdade, j\u00e1 n\u00e3o conta mais com o h\u00e1bito de possuir uma carta na manga. Vidro \u00e9 exatamente isso e o cineasta \u00e9 tolo o bastante para acreditar que conseguiria fazer o p\u00fablico cogitar a possibilidade de questionar o que foi <strong>visto e comprovado em dois longas-metragens<\/strong>. Se Shyamalan \u00e9 desonesto, tolo, incompetente, ou tudo isso junto, n\u00e3o importa, pois o mais grave \u00e9 que o indiano aparentemente n\u00e3o tinha o que dizer e decidiu unir o primeiro e o terceiro atos com uma enche\u00e7\u00e3o de lingui\u00e7a que n\u00e3o extrai nada do espectador a n\u00e3o ser bocejos de t\u00e9dio.<\/p>\n\n\n\n<p>Infelizmente a maior v\u00edtima disso tudo (al\u00e9m do espectador esperan\u00e7oso) \u00e9 James McAvoy: depois da performance absolutamente avassaladora em Fragmentado, quando impressionou ao transitar com extrema facilidade por uma dezena de composi\u00e7\u00f5es diferentes, o ator escoc\u00eas \u00e9 obrigado a ceder tempo de tela a seus colegas. Assim, embora ainda tenhamos o deleite de v\u00ea-lo convencer como uma crian\u00e7a de 9 anos e segundos depois soar como uma mulher controladora ou um homem com TOC, s\u00e3o tantas outras personalidades que lamentamos o fato de jamais podermos acompanha-lo.<\/p>\n\n\n\n<p> Em outras palavras, o Kevin Wendell Crumb de McAvoy continua a ser arrebatador, mas Shyamalan parece n\u00e3o entender que ele \u00e9 o melhor e mais rico personagem de Vidro. Com isso, ao inv\u00e9s de nos aprofundarmos na mente de Kevin, nos contentamos com uma esp\u00e9cie de show de James McAvoy, visto que suas motiva\u00e7\u00f5es s\u00e3o meramente auxiliares.<\/p>\n\n\n\n<p>Por falar em auxiliares, Bruce Willis e Samuel L. Jackson, antes soberbos como pessoas diametralmente opostas, passam a maior parte do tempo confinados ou submetidos \u00e0s enfadonhas conversas com a psic\u00f3loga vivida por Sarah Paulson. O arco dos seres d\u00edspares que se completavam, d\u00e1 lugar a um repeteco de composi\u00e7\u00f5es que dessa vez j\u00e1 n\u00e3o se justifica, fazendo com que Shyamalan os utilize apenas para explorar seus poderes. <\/p>\n\n\n\n<p>E se Sarah Paulson surge propositalmente mec\u00e2nica, presa a uma dic\u00e7\u00e3o fiel \u00e0s pr\u00e1ticas terap\u00eauticas, Anya Taylor-Joy limita-se a um papel secund\u00e1rio que alterna entre o de acalmar a Fera e o de fazer liga\u00e7\u00f5es com os quadrinhos (literalmente), o que n\u00e3o deixa de ser desapontador vindo de uma atriz que j\u00e1 provou merecer pap\u00e9is mais desafiadores (como em A Bruxa).<\/p>\n\n\n\n<p>O que nos leva ao nome respons\u00e1vel por tudo isso, M. Night Shyamalan: depois de ter recuperado parte de seu prest\u00edgio (como autor) com Fragmentado, Shyamalan volta a mostrar seguran\u00e7a suficiente para retomar sua antiga tradi\u00e7\u00e3o de surgir em pequenos pap\u00e9is em suas narrativas. Infelizmente, o indiano n\u00e3o retoma sua mais celebrada tradi\u00e7\u00e3o, que consistia em reservar uma grande reviravolta para o terceiro ato. <\/p>\n\n\n\n<p>Aqui, na verdade, tudo remete \u00e0 falta de conte\u00fado apresentado pelo filme, afinal, como surpreender o p\u00fablico se n\u00e3o h\u00e1 o que mostrar? Essa sensa\u00e7\u00e3o de vazio ganha propor\u00e7\u00f5es ainda maiores conforme a proje\u00e7\u00e3o se aproxima do fim, quando ainda sobrevive aquela ponta de esperan\u00e7a por uma surpresa. Mas nada feito.<\/p>\n\n\n\n<p>Shyamalan demonstra defici\u00eancias como roteirista, deixando escapar buracos narrativos que v\u00e3o se tornando imposs\u00edveis de ignorar \u00e0 medida que se acumulam. Seguran\u00e7as externos de uma institui\u00e7\u00e3o perigosa que demonstram despreparo (passivos, nem sequer usam a arma diante da amea\u00e7a), pacientes de alta periculosidade que s\u00e3o vigiados por apenas um enfermeiro (e um guarda que sequer faz rondas), fugas implaus\u00edveis, e por a\u00ed vai. Isso para n\u00e3o mencionar os argumentos ris\u00edveis utilizados pela Dra. Staple para explicar os poderes dos protagonistas (a partir de agora passarei a observar alpinistas para ver se consigo escalar paredes sozinho).<\/p>\n\n\n\n<p>J\u00e1 como diretor, h\u00e1 lampejos do in\u00edcio de carreira de Shyamalan, como a movimenta\u00e7\u00e3o elegante da c\u00e2mera ou a constru\u00e7\u00e3o precisa da atmosfera, atrav\u00e9s do suspense quase sempre bem conduzido. Digo \u201cquase sempre\u201d, pois aqui o diretor \u00e0s vezes padece da pr\u00f3pria escolha de manter o ritmo sempre lento, principalmente durante o segundo ato. Quando logra \u00eaxito, Shyamalan merece elogios pela boa utiliza\u00e7\u00e3o da \u00f3tima trilha sonora de West Dylan Thordson (Fragmentado), que consegue evocar um clima sombrio, mas sem pesar a m\u00e3o ou apelar para acordes estridentes. <\/p>\n\n\n\n<p>Outro elemento digno de nota \u00e9 o aproveitamento das cores, algo que com que M. Night Shyamalan sempre se preocupou ao longo da carreira. \u00c9 divertido, por exemplo, notar como a vilania \u00e9 representada pelo roxo e o hero\u00edsmo pelo verde, ganhando representa\u00e7\u00f5es literais atrav\u00e9s de um letreiro numa loja de quadrinhos e sendo refletida no figurino dos personagens e na dire\u00e7\u00e3o de arte. <\/p>\n\n\n\n<p>O Sr. Vidro, por exemplo, ao entrar em a\u00e7\u00e3o, assume um terno mergulhado em tons de roxo (n\u00e3o esquecer que trata-se de uma cor j\u00e1 relacionada ao perigo) e at\u00e9 mesmo sua casa exibe tra\u00e7os nessa cor (mesmo sem sua presen\u00e7a). Assim, quando ao final observamos o filho de David Dunn usando um casaco verde, sentimos al\u00edvio, j\u00e1 que esta \u00e9 a cor dominante do figurino de seu pai. A cor utilizada por Wendell? Amarelo, pois apesar da monstruosidade representada por uma de suas personalidades, fica claro que trata-se de um homem atormentado (fora que h\u00e1 outras personalidades mais&#8230; amig\u00e1veis).\u00a0<\/p>\n\n\n\n<p>J\u00e1 as cenas de a\u00e7\u00e3o s\u00e3o um verdadeiro embara\u00e7o e denunciam a falta de imagina\u00e7\u00e3o de Shyamalan para as sequ\u00eancias de luta. Com isso, os embates entre a Fera e o Vigilante n\u00e3o passam de um jogando o outro contra a parede, com a c\u00e2mera do diretor fixada no rosto de um deles e assumindo-se como subjetiva. Ou seja, nem a modesta coreografia corporal n\u00f3s conseguimos ver.<\/p>\n\n\n\n<p>Por essas e outras, \u00e9 com tristeza e um qu\u00ea de desapontamento testemunhar um artista ainda com dificuldades de se afastar da lama do fundo do po\u00e7o. Houve progresso, \u00e9 verdade, mas em seus melhores momentos, <strong><em>Vidro <\/em><\/strong>\u00e9 um filme pedante e f\u00fatil que julga-se inteligente por apontar elementos que h\u00e1 anos j\u00e1 estamos acostumados a ver nas telonas. Nos piores, \u00e9 a constata\u00e7\u00e3o de um autor que n\u00e3o tem absolutamente nada a dizer.\u00a0<\/p>\n\n\n\n<figure class=\"wp-block-embed-youtube wp-block-embed is-type-video is-provider-youtube wp-embed-aspect-16-9 wp-has-aspect-ratio\"><div class=\"wp-block-embed__wrapper\">\n<iframe width=\"770\" height=\"433\" src=\"https:\/\/www.youtube.com\/embed\/JTAcaC0car8?feature=oembed\" frameborder=\"0\" allow=\"accelerometer; autoplay; encrypted-media; gyroscope; picture-in-picture\" allowfullscreen><\/iframe>\n<\/div><\/figure>\n<script>console.log('Aud01');<\/script>","protected":false},"excerpt":{"rendered":"<p>Vidro \u00e9 um filme pedante e f\u00fatil que julga-se inteligente por apontar elementos que h\u00e1 anos j\u00e1 estamos acostumados a ver nas telonas.<\/p>\n","protected":false},"author":50,"featured_media":26724,"comment_status":"closed","ping_status":"open","sticky":false,"template":"","format":"standard","meta":{"_monsterinsights_skip_tracking":false,"_monsterinsights_sitenote_active":false,"_monsterinsights_sitenote_note":"","_monsterinsights_sitenote_category":0,"footnotes":""},"categories":[8,17],"tags":[9451,10231,852,9372,1129,1865,3006],"class_list":{"0":"post-26693","1":"post","2":"type-post","3":"status-publish","4":"format-standard","5":"has-post-thumbnail","7":"category-cinema","8":"category-falando-em-linguagem","9":"tag-9451","10":"tag-bruce-wills","11":"tag-filme-2","12":"tag-glass","13":"tag-james-mcavoy","14":"tag-samuel-l-jackson","15":"tag-vidro"},"yoast_head":"<!-- This site is optimized with the Yoast SEO plugin v27.2 - https:\/\/yoast.com\/product\/yoast-seo-wordpress\/ -->\n<title>Vidro \u00e9 a constata\u00e7\u00e3o de um artista que n\u00e3o tem o que dizer<\/title>\n<meta name=\"description\" content=\"Vidro \u00e9 um filme pedante e f\u00fatil que julga-se inteligente por apontar elementos que h\u00e1 anos j\u00e1 estamos acostumados a ver nas telonas.\" \/>\n<meta name=\"robots\" content=\"index, follow, max-snippet:-1, max-image-preview:large, max-video-preview:-1\" \/>\n<link rel=\"canonical\" href=\"https:\/\/central42.com.br\/novo\/vidro\/\" \/>\n<meta property=\"og:locale\" content=\"pt_BR\" \/>\n<meta property=\"og:type\" content=\"article\" \/>\n<meta property=\"og:title\" content=\"Vidro \u00e9 a constata\u00e7\u00e3o de um artista que n\u00e3o tem o que dizer\" \/>\n<meta property=\"og:description\" content=\"Vidro \u00e9 um filme pedante e f\u00fatil que julga-se inteligente por apontar elementos que h\u00e1 anos j\u00e1 estamos acostumados a ver nas telonas.\" \/>\n<meta property=\"og:url\" content=\"https:\/\/central42.com.br\/novo\/vidro\/\" \/>\n<meta property=\"og:site_name\" content=\"Central 42\" \/>\n<meta property=\"article:publisher\" content=\"https:\/\/www.facebook.com\/Central42\" \/>\n<meta property=\"article:author\" content=\"https:\/\/www.facebook.com\/guilherme.candido.5492\" \/>\n<meta property=\"article:published_time\" content=\"2019-01-20T03:17:56+00:00\" \/>\n<meta property=\"article:modified_time\" content=\"2019-01-20T03:18:01+00:00\" \/>\n<meta property=\"og:image\" content=\"https:\/\/central42.com.br\/novo\/wp-content\/uploads\/2019\/01\/2939030.jpg-r_1920_1080-f_jpg-q_x-xxyxx.jpg\" \/>\n\t<meta property=\"og:image:width\" content=\"1600\" \/>\n\t<meta property=\"og:image:height\" content=\"1067\" \/>\n\t<meta property=\"og:image:type\" content=\"image\/jpeg\" \/>\n<meta name=\"author\" content=\"Guilherme C\u00e2ndido\" \/>\n<meta name=\"twitter:label1\" content=\"Escrito por\" \/>\n\t<meta name=\"twitter:data1\" content=\"Guilherme C\u00e2ndido\" \/>\n\t<meta name=\"twitter:label2\" content=\"Est. tempo de leitura\" \/>\n\t<meta name=\"twitter:data2\" content=\"8 minutos\" \/>\n<script type=\"application\/ld+json\" class=\"yoast-schema-graph\">{\"@context\":\"https:\/\/schema.org\",\"@graph\":[{\"@type\":\"Article\",\"@id\":\"https:\/\/central42.com.br\/novo\/vidro\/#article\",\"isPartOf\":{\"@id\":\"https:\/\/central42.com.br\/novo\/vidro\/\"},\"author\":{\"name\":\"Guilherme C\u00e2ndido\",\"@id\":\"https:\/\/central42.com.br\/novo\/#\/schema\/person\/9511595e71b9178841e67259b4929cce\"},\"headline\":\"Vidro \u00e9 a constata\u00e7\u00e3o de um artista que n\u00e3o tem o que dizer\",\"datePublished\":\"2019-01-20T03:17:56+00:00\",\"dateModified\":\"2019-01-20T03:18:01+00:00\",\"mainEntityOfPage\":{\"@id\":\"https:\/\/central42.com.br\/novo\/vidro\/\"},\"wordCount\":1574,\"image\":{\"@id\":\"https:\/\/central42.com.br\/novo\/vidro\/#primaryimage\"},\"thumbnailUrl\":\"https:\/\/central42.com.br\/novo\/wp-content\/uploads\/2019\/01\/2939030.jpg-r_1920_1080-f_jpg-q_x-xxyxx.jpg\",\"keywords\":[\"2019\",\"bruce wills\",\"filme\",\"glass\",\"James McAvoy\",\"Samuel L. Jackson\",\"vidro\"],\"articleSection\":[\"Cinema\",\"Falando em Linguagem\"],\"inLanguage\":\"pt-BR\"},{\"@type\":\"WebPage\",\"@id\":\"https:\/\/central42.com.br\/novo\/vidro\/\",\"url\":\"https:\/\/central42.com.br\/novo\/vidro\/\",\"name\":\"Vidro \u00e9 a constata\u00e7\u00e3o de um artista que n\u00e3o tem o que dizer\",\"isPartOf\":{\"@id\":\"https:\/\/central42.com.br\/novo\/#website\"},\"primaryImageOfPage\":{\"@id\":\"https:\/\/central42.com.br\/novo\/vidro\/#primaryimage\"},\"image\":{\"@id\":\"https:\/\/central42.com.br\/novo\/vidro\/#primaryimage\"},\"thumbnailUrl\":\"https:\/\/central42.com.br\/novo\/wp-content\/uploads\/2019\/01\/2939030.jpg-r_1920_1080-f_jpg-q_x-xxyxx.jpg\",\"datePublished\":\"2019-01-20T03:17:56+00:00\",\"dateModified\":\"2019-01-20T03:18:01+00:00\",\"author\":{\"@id\":\"https:\/\/central42.com.br\/novo\/#\/schema\/person\/9511595e71b9178841e67259b4929cce\"},\"description\":\"Vidro \u00e9 um filme pedante e f\u00fatil que julga-se inteligente por apontar elementos que h\u00e1 anos j\u00e1 estamos acostumados a ver nas telonas.\",\"breadcrumb\":{\"@id\":\"https:\/\/central42.com.br\/novo\/vidro\/#breadcrumb\"},\"inLanguage\":\"pt-BR\",\"potentialAction\":[{\"@type\":\"ReadAction\",\"target\":[\"https:\/\/central42.com.br\/novo\/vidro\/\"]}]},{\"@type\":\"ImageObject\",\"inLanguage\":\"pt-BR\",\"@id\":\"https:\/\/central42.com.br\/novo\/vidro\/#primaryimage\",\"url\":\"https:\/\/central42.com.br\/novo\/wp-content\/uploads\/2019\/01\/2939030.jpg-r_1920_1080-f_jpg-q_x-xxyxx.jpg\",\"contentUrl\":\"https:\/\/central42.com.br\/novo\/wp-content\/uploads\/2019\/01\/2939030.jpg-r_1920_1080-f_jpg-q_x-xxyxx.jpg\",\"width\":1600,\"height\":1067,\"caption\":\"Vidro\"},{\"@type\":\"BreadcrumbList\",\"@id\":\"https:\/\/central42.com.br\/novo\/vidro\/#breadcrumb\",\"itemListElement\":[{\"@type\":\"ListItem\",\"position\":1,\"name\":\"In\u00edcio\",\"item\":\"https:\/\/central42.com.br\/novo\/\"},{\"@type\":\"ListItem\",\"position\":2,\"name\":\"Vidro \u00e9 a constata\u00e7\u00e3o de um artista que n\u00e3o tem o que dizer\"}]},{\"@type\":\"WebSite\",\"@id\":\"https:\/\/central42.com.br\/novo\/#website\",\"url\":\"https:\/\/central42.com.br\/novo\/\",\"name\":\"Central 42\",\"description\":\"Cultura e entretenimento em um \u00fanico lugar\",\"potentialAction\":[{\"@type\":\"SearchAction\",\"target\":{\"@type\":\"EntryPoint\",\"urlTemplate\":\"https:\/\/central42.com.br\/novo\/?s={search_term_string}\"},\"query-input\":{\"@type\":\"PropertyValueSpecification\",\"valueRequired\":true,\"valueName\":\"search_term_string\"}}],\"inLanguage\":\"pt-BR\"},{\"@type\":\"Person\",\"@id\":\"https:\/\/central42.com.br\/novo\/#\/schema\/person\/9511595e71b9178841e67259b4929cce\",\"name\":\"Guilherme C\u00e2ndido\",\"image\":{\"@type\":\"ImageObject\",\"inLanguage\":\"pt-BR\",\"@id\":\"https:\/\/secure.gravatar.com\/avatar\/1dff9ecd4611cf9f70d39538d77ba91f4c13ec2ccf1d705f85fb262f1c4235d4?s=96&d=wavatar&r=g\",\"url\":\"https:\/\/secure.gravatar.com\/avatar\/1dff9ecd4611cf9f70d39538d77ba91f4c13ec2ccf1d705f85fb262f1c4235d4?s=96&d=wavatar&r=g\",\"contentUrl\":\"https:\/\/secure.gravatar.com\/avatar\/1dff9ecd4611cf9f70d39538d77ba91f4c13ec2ccf1d705f85fb262f1c4235d4?s=96&d=wavatar&r=g\",\"caption\":\"Guilherme C\u00e2ndido\"},\"description\":\"Cr\u00edtico de Cinema e Carioca. Apaixonado pela S\u00e9tima Arte, mas tamb\u00e9m aprecia uma boa m\u00fasica, faz maratona de s\u00e9ries, devora livros, e acompanha futebol. Meryl Streep e Arroz s\u00e3o paix\u00f5es \u00e0 parte...\",\"sameAs\":[\"https:\/\/www.facebook.com\/guilherme.candido.5492\",\"https:\/\/x.com\/GuiKhandido\"],\"url\":\"https:\/\/central42.com.br\/novo\/author\/guikhandido\/\"}]}<\/script>\n<!-- \/ Yoast SEO plugin. -->","yoast_head_json":{"title":"Vidro \u00e9 a constata\u00e7\u00e3o de um artista que n\u00e3o tem o que dizer","description":"Vidro \u00e9 um filme pedante e f\u00fatil que julga-se inteligente por apontar elementos que h\u00e1 anos j\u00e1 estamos acostumados a ver nas telonas.","robots":{"index":"index","follow":"follow","max-snippet":"max-snippet:-1","max-image-preview":"max-image-preview:large","max-video-preview":"max-video-preview:-1"},"canonical":"https:\/\/central42.com.br\/novo\/vidro\/","og_locale":"pt_BR","og_type":"article","og_title":"Vidro \u00e9 a constata\u00e7\u00e3o de um artista que n\u00e3o tem o que dizer","og_description":"Vidro \u00e9 um filme pedante e f\u00fatil que julga-se inteligente por apontar elementos que h\u00e1 anos j\u00e1 estamos acostumados a ver nas telonas.","og_url":"https:\/\/central42.com.br\/novo\/vidro\/","og_site_name":"Central 42","article_publisher":"https:\/\/www.facebook.com\/Central42","article_author":"https:\/\/www.facebook.com\/guilherme.candido.5492","article_published_time":"2019-01-20T03:17:56+00:00","article_modified_time":"2019-01-20T03:18:01+00:00","og_image":[{"width":1600,"height":1067,"url":"https:\/\/central42.com.br\/novo\/wp-content\/uploads\/2019\/01\/2939030.jpg-r_1920_1080-f_jpg-q_x-xxyxx.jpg","type":"image\/jpeg"}],"author":"Guilherme C\u00e2ndido","twitter_misc":{"Escrito por":"Guilherme C\u00e2ndido","Est. tempo de leitura":"8 minutos"},"schema":{"@context":"https:\/\/schema.org","@graph":[{"@type":"Article","@id":"https:\/\/central42.com.br\/novo\/vidro\/#article","isPartOf":{"@id":"https:\/\/central42.com.br\/novo\/vidro\/"},"author":{"name":"Guilherme C\u00e2ndido","@id":"https:\/\/central42.com.br\/novo\/#\/schema\/person\/9511595e71b9178841e67259b4929cce"},"headline":"Vidro \u00e9 a constata\u00e7\u00e3o de um artista que n\u00e3o tem o que dizer","datePublished":"2019-01-20T03:17:56+00:00","dateModified":"2019-01-20T03:18:01+00:00","mainEntityOfPage":{"@id":"https:\/\/central42.com.br\/novo\/vidro\/"},"wordCount":1574,"image":{"@id":"https:\/\/central42.com.br\/novo\/vidro\/#primaryimage"},"thumbnailUrl":"https:\/\/central42.com.br\/novo\/wp-content\/uploads\/2019\/01\/2939030.jpg-r_1920_1080-f_jpg-q_x-xxyxx.jpg","keywords":["2019","bruce wills","filme","glass","James McAvoy","Samuel L. Jackson","vidro"],"articleSection":["Cinema","Falando em Linguagem"],"inLanguage":"pt-BR"},{"@type":"WebPage","@id":"https:\/\/central42.com.br\/novo\/vidro\/","url":"https:\/\/central42.com.br\/novo\/vidro\/","name":"Vidro \u00e9 a constata\u00e7\u00e3o de um artista que n\u00e3o tem o que dizer","isPartOf":{"@id":"https:\/\/central42.com.br\/novo\/#website"},"primaryImageOfPage":{"@id":"https:\/\/central42.com.br\/novo\/vidro\/#primaryimage"},"image":{"@id":"https:\/\/central42.com.br\/novo\/vidro\/#primaryimage"},"thumbnailUrl":"https:\/\/central42.com.br\/novo\/wp-content\/uploads\/2019\/01\/2939030.jpg-r_1920_1080-f_jpg-q_x-xxyxx.jpg","datePublished":"2019-01-20T03:17:56+00:00","dateModified":"2019-01-20T03:18:01+00:00","author":{"@id":"https:\/\/central42.com.br\/novo\/#\/schema\/person\/9511595e71b9178841e67259b4929cce"},"description":"Vidro \u00e9 um filme pedante e f\u00fatil que julga-se inteligente por apontar elementos que h\u00e1 anos j\u00e1 estamos acostumados a ver nas telonas.","breadcrumb":{"@id":"https:\/\/central42.com.br\/novo\/vidro\/#breadcrumb"},"inLanguage":"pt-BR","potentialAction":[{"@type":"ReadAction","target":["https:\/\/central42.com.br\/novo\/vidro\/"]}]},{"@type":"ImageObject","inLanguage":"pt-BR","@id":"https:\/\/central42.com.br\/novo\/vidro\/#primaryimage","url":"https:\/\/central42.com.br\/novo\/wp-content\/uploads\/2019\/01\/2939030.jpg-r_1920_1080-f_jpg-q_x-xxyxx.jpg","contentUrl":"https:\/\/central42.com.br\/novo\/wp-content\/uploads\/2019\/01\/2939030.jpg-r_1920_1080-f_jpg-q_x-xxyxx.jpg","width":1600,"height":1067,"caption":"Vidro"},{"@type":"BreadcrumbList","@id":"https:\/\/central42.com.br\/novo\/vidro\/#breadcrumb","itemListElement":[{"@type":"ListItem","position":1,"name":"In\u00edcio","item":"https:\/\/central42.com.br\/novo\/"},{"@type":"ListItem","position":2,"name":"Vidro \u00e9 a constata\u00e7\u00e3o de um artista que n\u00e3o tem o que dizer"}]},{"@type":"WebSite","@id":"https:\/\/central42.com.br\/novo\/#website","url":"https:\/\/central42.com.br\/novo\/","name":"Central 42","description":"Cultura e entretenimento em um \u00fanico lugar","potentialAction":[{"@type":"SearchAction","target":{"@type":"EntryPoint","urlTemplate":"https:\/\/central42.com.br\/novo\/?s={search_term_string}"},"query-input":{"@type":"PropertyValueSpecification","valueRequired":true,"valueName":"search_term_string"}}],"inLanguage":"pt-BR"},{"@type":"Person","@id":"https:\/\/central42.com.br\/novo\/#\/schema\/person\/9511595e71b9178841e67259b4929cce","name":"Guilherme C\u00e2ndido","image":{"@type":"ImageObject","inLanguage":"pt-BR","@id":"https:\/\/secure.gravatar.com\/avatar\/1dff9ecd4611cf9f70d39538d77ba91f4c13ec2ccf1d705f85fb262f1c4235d4?s=96&d=wavatar&r=g","url":"https:\/\/secure.gravatar.com\/avatar\/1dff9ecd4611cf9f70d39538d77ba91f4c13ec2ccf1d705f85fb262f1c4235d4?s=96&d=wavatar&r=g","contentUrl":"https:\/\/secure.gravatar.com\/avatar\/1dff9ecd4611cf9f70d39538d77ba91f4c13ec2ccf1d705f85fb262f1c4235d4?s=96&d=wavatar&r=g","caption":"Guilherme C\u00e2ndido"},"description":"Cr\u00edtico de Cinema e Carioca. Apaixonado pela S\u00e9tima Arte, mas tamb\u00e9m aprecia uma boa m\u00fasica, faz maratona de s\u00e9ries, devora livros, e acompanha futebol. Meryl Streep e Arroz s\u00e3o paix\u00f5es \u00e0 parte...","sameAs":["https:\/\/www.facebook.com\/guilherme.candido.5492","https:\/\/x.com\/GuiKhandido"],"url":"https:\/\/central42.com.br\/novo\/author\/guikhandido\/"}]}},"_links":{"self":[{"href":"https:\/\/central42.com.br\/novo\/wp-json\/wp\/v2\/posts\/26693","targetHints":{"allow":["GET"]}}],"collection":[{"href":"https:\/\/central42.com.br\/novo\/wp-json\/wp\/v2\/posts"}],"about":[{"href":"https:\/\/central42.com.br\/novo\/wp-json\/wp\/v2\/types\/post"}],"author":[{"embeddable":true,"href":"https:\/\/central42.com.br\/novo\/wp-json\/wp\/v2\/users\/50"}],"replies":[{"embeddable":true,"href":"https:\/\/central42.com.br\/novo\/wp-json\/wp\/v2\/comments?post=26693"}],"version-history":[{"count":2,"href":"https:\/\/central42.com.br\/novo\/wp-json\/wp\/v2\/posts\/26693\/revisions"}],"predecessor-version":[{"id":26725,"href":"https:\/\/central42.com.br\/novo\/wp-json\/wp\/v2\/posts\/26693\/revisions\/26725"}],"wp:featuredmedia":[{"embeddable":true,"href":"https:\/\/central42.com.br\/novo\/wp-json\/wp\/v2\/media\/26724"}],"wp:attachment":[{"href":"https:\/\/central42.com.br\/novo\/wp-json\/wp\/v2\/media?parent=26693"}],"wp:term":[{"taxonomy":"category","embeddable":true,"href":"https:\/\/central42.com.br\/novo\/wp-json\/wp\/v2\/categories?post=26693"},{"taxonomy":"post_tag","embeddable":true,"href":"https:\/\/central42.com.br\/novo\/wp-json\/wp\/v2\/tags?post=26693"}],"curies":[{"name":"wp","href":"https:\/\/api.w.org\/{rel}","templated":true}]}}