{"id":22339,"date":"2017-06-02T02:19:56","date_gmt":"2017-06-02T05:19:56","guid":{"rendered":"http:\/\/www.central42.com.br\/novo\/?p=22339"},"modified":"2017-06-02T02:19:56","modified_gmt":"2017-06-02T05:19:56","slug":"inseparaveis-intocaveis","status":"publish","type":"post","link":"https:\/\/central42.com.br\/novo\/inseparaveis-intocaveis\/","title":{"rendered":"Insepar\u00e1veis e a compara\u00e7\u00e3o com Intoc\u00e1veis (Franc\u00eas X Argentino)"},"content":{"rendered":"<!-- Start Audima Widget Injection -->\n<div id=\"audimaWidget\"><\/div>\n<script src=\"https:\/\/audio.audima.co\/audima-widget.js\"><\/script>\n<!-- End Audima Widget Injection -->\n<p>O que falar de <em><strong>Insepar\u00e1veis<\/strong><\/em>? Vamos l\u00e1.<\/p>\n<p>Voc\u00ea tem uma hist\u00f3ria ver\u00eddica, interessante nas m\u00e3os e que vem de um livro de sucesso. <a href=\"http:\/\/www.central42.com.br\/novo\/wp-content\/uploads\/2017\/06\/Insepar\u00e1veis-cartaz.jpg\"><img fetchpriority=\"high\" decoding=\"async\" class=\"alignright size-medium wp-image-22360\" src=\"http:\/\/www.central42.com.br\/novo\/wp-content\/uploads\/2017\/06\/Insepar\u00e1veis-cartaz-205x300.jpg\" alt=\"Insepar\u00e1veis cartaz\" width=\"205\" height=\"300\" srcset=\"https:\/\/central42.com.br\/novo\/wp-content\/uploads\/2017\/06\/Insepar\u00e1veis-cartaz-205x300.jpg 205w, https:\/\/central42.com.br\/novo\/wp-content\/uploads\/2017\/06\/Insepar\u00e1veis-cartaz-103x150.jpg 103w, https:\/\/central42.com.br\/novo\/wp-content\/uploads\/2017\/06\/Insepar\u00e1veis-cartaz-444x650.jpg 444w, https:\/\/central42.com.br\/novo\/wp-content\/uploads\/2017\/06\/Insepar\u00e1veis-cartaz.jpg 656w\" sizes=\"(max-width: 205px) 100vw, 205px\" \/><\/a>E voc\u00ea tamb\u00e9m tem a oportunidade de fazer um filme sobre essa hist\u00f3ria. Mas voc\u00ea sabe que j\u00e1 existe um \u00f3timo filme recente, que foi feito baseado nessa mesma hist\u00f3ria.<\/p>\n<p>O que voc\u00ea faz?<\/p>\n<p>1 &#8211; Tenta copiar tudo do outro filme.<br \/>\nou<br \/>\n2 &#8211; Tenta, com todas as for\u00e7as, fazer um filme diferente e melhor.<\/p>\n<p>Pois \u00e9, eu escolheria a op\u00e7\u00e3o 2.<\/p>\n<p>Eu ia conseguir fazer melhor? N\u00e3o sei. Talvez n\u00e3o, mas seria pelo menos diferente do outro.<\/p>\n<p>N\u00e3o \u00e9 o caso do longa metragem <strong><em>Insepar\u00e1veis,<\/em> <\/strong>do argentino Marcos Carnevale, que realmente faz uma c\u00f3pia &#8211; s\u00f3 que com uma produ\u00e7\u00e3o inferior &#8211; do filme franc\u00eas \u201c<em>Intoc\u00e1veis<\/em>\u201d (2011) de Eric Toledano e Olivier Nakache.<\/p>\n<p>O filme conta a hist\u00f3ria de um rico empres\u00e1rio Felipe (Oscar Martinez), que tornou tetrapl\u00e9gico devido a um acidente e est\u00e1 a procura de um novo assistente terap\u00eautico.<\/p>\n<p>Apesar de entrevistar pessoas muito qualificadas, ele decide contratar Tito (Rodrigo De La Serna), assistente de seu jardineiro, mesmo as pessoas mais pr\u00f3ximas a ele n\u00e3o concordar com a sua escolha. Incrivelmente, uma amizade entre os dois come\u00e7a a nascer.<\/p>\n<p>E a hist\u00f3ria, mesmo sendo profunda e dram\u00e1tica, \u00e9 bem divertida e este remake \u00e9 ainda mais engra\u00e7ado &#8211; adaptando os costumes e as piadas locais &#8211; do que o original. O tom do filme \u00e9 o \u00fanico diferencial do longa argentino para o longa franc\u00eas.<\/p>\n<p>Aprecio os filmes argentinos. Os hermanos s\u00e3o muito competentes, mas, infelizmente, esse filme me incomodou muito.\u00a0N\u00e3o tem como n\u00e3o comparar com \u201cIntoc\u00e1veis\u201d, pois \u00e9 um filme recente demais, est\u00e1 vivo, seu cheiro ainda est\u00e1 muito forte e tem, al\u00e9m de tudo, uma produ\u00e7\u00e3o incr\u00edvel.<\/p>\n<p>Marcos Carnevale n\u00e3o se arrisca nas mudan\u00e7as e muito menos nos conta o fato da hist\u00f3ria ser em outro pa\u00eds.<\/p>\n<p><a href=\"http:\/\/www.central42.com.br\/novo\/wp-content\/uploads\/2017\/05\/294043.jpg-r_1920_1080-f_jpg-q_x-xxyxx.jpg\"><img decoding=\"async\" class=\"aligncenter  wp-image-22401\" src=\"http:\/\/www.central42.com.br\/novo\/wp-content\/uploads\/2017\/05\/294043.jpg-r_1920_1080-f_jpg-q_x-xxyxx-650x433.jpg\" alt=\"Insepar\u00e1veis \" width=\"408\" height=\"272\" srcset=\"https:\/\/central42.com.br\/novo\/wp-content\/uploads\/2017\/05\/294043.jpg-r_1920_1080-f_jpg-q_x-xxyxx-650x433.jpg 650w, https:\/\/central42.com.br\/novo\/wp-content\/uploads\/2017\/05\/294043.jpg-r_1920_1080-f_jpg-q_x-xxyxx-270x180.jpg 270w, https:\/\/central42.com.br\/novo\/wp-content\/uploads\/2017\/05\/294043.jpg-r_1920_1080-f_jpg-q_x-xxyxx-770x515.jpg 770w, https:\/\/central42.com.br\/novo\/wp-content\/uploads\/2017\/05\/294043.jpg-r_1920_1080-f_jpg-q_x-xxyxx-370x247.jpg 370w, https:\/\/central42.com.br\/novo\/wp-content\/uploads\/2017\/05\/294043.jpg-r_1920_1080-f_jpg-q_x-xxyxx-110x73.jpg 110w, https:\/\/central42.com.br\/novo\/wp-content\/uploads\/2017\/05\/294043.jpg-r_1920_1080-f_jpg-q_x-xxyxx-150x100.jpg 150w, https:\/\/central42.com.br\/novo\/wp-content\/uploads\/2017\/05\/294043.jpg-r_1920_1080-f_jpg-q_x-xxyxx-300x200.jpg 300w, https:\/\/central42.com.br\/novo\/wp-content\/uploads\/2017\/05\/294043.jpg-r_1920_1080-f_jpg-q_x-xxyxx.jpg 1600w\" sizes=\"(max-width: 408px) 100vw, 408px\" \/><\/a><\/p>\n<p><em><strong>Insepar\u00e1veis<\/strong> <\/em>tem cenas, falas e at\u00e9 enquadramentos iguais ao longa \u201c<em>Intoc\u00e1veis<\/em>\u201d. Isso foi demais pra mim\u2026<\/p>\n<p>Ali\u00e1s s\u00e3o v\u00e1rios pontos negativos nesse longa.<\/p>\n<p>O argentino, Marcos Carnevale, esqueceu que o sucesso do longa franc\u00eas, n\u00e3o foi \u00e0 toa,\u00a0pois a hist\u00f3ria \u00e9 profunda, emocionante e que dois personagens dividem o protagonismo, n\u00e3o existe um sem o outro, por isso \u00e9 t\u00e3o incr\u00edvel.<\/p>\n<p>Mas em <em><strong>Insepar\u00e1veis<\/strong><\/em>, a hist\u00f3ria do assistente, Tito, ganha apenas uma pincelada. O drama intenso e importante, que a fam\u00edlia de Tito traz, n\u00e3o \u00e9 visto e o filme enfraquece mais ainda.<\/p>\n<p>A trilha sonora busca a sua emo\u00e7\u00e3o todo o tempo. Do nada, aquela musica chorosa e desnecess\u00e1ria aparece. E eu me perguntei v\u00e1rias vezes: Deus do c\u00e9u, cad\u00ea o sil\u00eancio desse filme?<\/p>\n<p>Eu esperava o algo a mais, mas a m\u00e1gica n\u00e3o aconteceu.<\/p>\n<p>Se voc\u00ea n\u00e3o viu \u201c<em>Intoc\u00e1veis<\/em>\u201d, provavelmente vai gostar do longa argentino. Se j\u00e1 viu o longa franc\u00eas, s\u00f3 consigo pensar em dois motivos para voc\u00ea querer ver essa vers\u00e3o argentina, curiosidade ou ser muito louco por cinema.<\/p>\n<p><iframe width=\"770\" height=\"433\" src=\"https:\/\/www.youtube.com\/embed\/ftnrjL-_QrE?feature=oembed\" frameborder=\"0\" allow=\"autoplay; encrypted-media\" allowfullscreen><\/iframe><\/p>\n<script>console.log('Aud01');<\/script>","protected":false},"excerpt":{"rendered":"<p>Insepar\u00e1veis, do argentino Marcos Carnevale, faz uma c\u00f3pia &#8211; s\u00f3 que com uma produ\u00e7\u00e3o inferior &#8211; do filme franc\u00eas \u201cIntoc\u00e1veis\u201d<\/p>\n","protected":false},"author":66,"featured_media":22400,"comment_status":"open","ping_status":"open","sticky":false,"template":"","format":"standard","meta":{"_monsterinsights_skip_tracking":false,"_monsterinsights_sitenote_active":false,"_monsterinsights_sitenote_note":"","_monsterinsights_sitenote_category":0,"footnotes":""},"categories":[16],"tags":[2377,6697,6694,569,6695,6696,6698,6692,6690,6691,6699,6700,4591,6693],"class_list":{"0":"post-22339","1":"post","2":"type-post","3":"status-publish","4":"format-standard","5":"has-post-thumbnail","7":"category-curto-e-grosso","8":"tag-argentina","9":"tag-cinema-argentino","10":"tag-comedia-dramatica","11":"tag-critica","12":"tag-drama-comedia","13":"tag-el-intocable","14":"tag-filme-em-espanhol","15":"tag-inseparaveis","16":"tag-intouchables","17":"tag-os-intocaveis","18":"tag-oscar-martinez","19":"tag-rodrigo-de-la-serna","20":"tag-tetraplegia","21":"tag-tetraplegico"},"yoast_head":"<!-- This site is optimized with the Yoast SEO plugin v27.2 - https:\/\/yoast.com\/product\/yoast-seo-wordpress\/ -->\n<title>Insepar\u00e1veis e a compara\u00e7\u00e3o com Intoc\u00e1veis (Franc\u00eas X Argentino)<\/title>\n<meta name=\"description\" content=\"Insepar\u00e1veis, do argentino Marcos Carnevale, faz uma c\u00f3pia - s\u00f3 que com uma produ\u00e7\u00e3o inferior - do filme franc\u00eas \u201cIntoc\u00e1veis\u201d\" \/>\n<meta name=\"robots\" content=\"index, follow, max-snippet:-1, max-image-preview:large, max-video-preview:-1\" \/>\n<link rel=\"canonical\" href=\"https:\/\/central42.com.br\/novo\/inseparaveis-intocaveis\/\" \/>\n<meta property=\"og:locale\" content=\"pt_BR\" \/>\n<meta property=\"og:type\" content=\"article\" \/>\n<meta property=\"og:title\" content=\"Insepar\u00e1veis e a compara\u00e7\u00e3o com Intoc\u00e1veis (Franc\u00eas X Argentino)\" \/>\n<meta property=\"og:description\" content=\"Insepar\u00e1veis, do argentino Marcos Carnevale, faz uma c\u00f3pia - s\u00f3 que com uma produ\u00e7\u00e3o inferior - do filme franc\u00eas \u201cIntoc\u00e1veis\u201d\" \/>\n<meta property=\"og:url\" content=\"https:\/\/central42.com.br\/novo\/inseparaveis-intocaveis\/\" \/>\n<meta property=\"og:site_name\" content=\"Central 42\" \/>\n<meta property=\"article:publisher\" content=\"https:\/\/www.facebook.com\/Central42\" \/>\n<meta property=\"article:author\" content=\"https:\/\/www.facebook.com\/profile.php?id=100009348763897\" \/>\n<meta property=\"article:published_time\" content=\"2017-06-02T05:19:56+00:00\" \/>\n<meta property=\"og:image\" content=\"https:\/\/central42.com.br\/novo\/wp-content\/uploads\/2017\/05\/Insepar\u00e1veis-banner.jpg\" \/>\n\t<meta property=\"og:image:width\" content=\"1600\" \/>\n\t<meta property=\"og:image:height\" content=\"834\" \/>\n\t<meta property=\"og:image:type\" content=\"image\/jpeg\" \/>\n<meta name=\"author\" content=\"Rosana Moreira\" \/>\n<meta name=\"twitter:label1\" content=\"Escrito por\" \/>\n\t<meta name=\"twitter:data1\" content=\"Rosana Moreira\" \/>\n\t<meta name=\"twitter:label2\" content=\"Est. tempo de leitura\" \/>\n\t<meta name=\"twitter:data2\" content=\"3 minutos\" \/>\n<script type=\"application\/ld+json\" class=\"yoast-schema-graph\">{\"@context\":\"https:\/\/schema.org\",\"@graph\":[{\"@type\":\"Article\",\"@id\":\"https:\/\/central42.com.br\/novo\/inseparaveis-intocaveis\/#article\",\"isPartOf\":{\"@id\":\"https:\/\/central42.com.br\/novo\/inseparaveis-intocaveis\/\"},\"author\":{\"name\":\"Rosana Moreira\",\"@id\":\"https:\/\/central42.com.br\/novo\/#\/schema\/person\/b4e9f5750ea740a3a54fd062b7685211\"},\"headline\":\"Insepar\u00e1veis e a compara\u00e7\u00e3o com Intoc\u00e1veis (Franc\u00eas X Argentino)\",\"datePublished\":\"2017-06-02T05:19:56+00:00\",\"mainEntityOfPage\":{\"@id\":\"https:\/\/central42.com.br\/novo\/inseparaveis-intocaveis\/\"},\"wordCount\":560,\"commentCount\":0,\"image\":{\"@id\":\"https:\/\/central42.com.br\/novo\/inseparaveis-intocaveis\/#primaryimage\"},\"thumbnailUrl\":\"https:\/\/central42.com.br\/novo\/wp-content\/uploads\/2017\/05\/Insepar\u00e1veis-banner.jpg\",\"keywords\":[\"argentina\",\"cinema argentino\",\"com\u00e9dia dram\u00e1tica\",\"Cr\u00edtica\",\"drama com\u00e9dia\",\"el intocable\",\"filme em espanhol\",\"insepar\u00e1veis\",\"Intouchables\",\"os intoc\u00e1veis\",\"Oscar Martinez\",\"Rodrigo De la Serna\",\"tetraplegia\",\"tetrapl\u00e9gico\"],\"articleSection\":[\"Falando Curto e Grosso\"],\"inLanguage\":\"pt-BR\",\"potentialAction\":[{\"@type\":\"CommentAction\",\"name\":\"Comment\",\"target\":[\"https:\/\/central42.com.br\/novo\/inseparaveis-intocaveis\/#respond\"]}]},{\"@type\":\"WebPage\",\"@id\":\"https:\/\/central42.com.br\/novo\/inseparaveis-intocaveis\/\",\"url\":\"https:\/\/central42.com.br\/novo\/inseparaveis-intocaveis\/\",\"name\":\"Insepar\u00e1veis e a compara\u00e7\u00e3o com Intoc\u00e1veis (Franc\u00eas X Argentino)\",\"isPartOf\":{\"@id\":\"https:\/\/central42.com.br\/novo\/#website\"},\"primaryImageOfPage\":{\"@id\":\"https:\/\/central42.com.br\/novo\/inseparaveis-intocaveis\/#primaryimage\"},\"image\":{\"@id\":\"https:\/\/central42.com.br\/novo\/inseparaveis-intocaveis\/#primaryimage\"},\"thumbnailUrl\":\"https:\/\/central42.com.br\/novo\/wp-content\/uploads\/2017\/05\/Insepar\u00e1veis-banner.jpg\",\"datePublished\":\"2017-06-02T05:19:56+00:00\",\"author\":{\"@id\":\"https:\/\/central42.com.br\/novo\/#\/schema\/person\/b4e9f5750ea740a3a54fd062b7685211\"},\"description\":\"Insepar\u00e1veis, do argentino Marcos Carnevale, faz uma c\u00f3pia - s\u00f3 que com uma produ\u00e7\u00e3o inferior - do filme franc\u00eas \u201cIntoc\u00e1veis\u201d\",\"breadcrumb\":{\"@id\":\"https:\/\/central42.com.br\/novo\/inseparaveis-intocaveis\/#breadcrumb\"},\"inLanguage\":\"pt-BR\",\"potentialAction\":[{\"@type\":\"ReadAction\",\"target\":[\"https:\/\/central42.com.br\/novo\/inseparaveis-intocaveis\/\"]}]},{\"@type\":\"ImageObject\",\"inLanguage\":\"pt-BR\",\"@id\":\"https:\/\/central42.com.br\/novo\/inseparaveis-intocaveis\/#primaryimage\",\"url\":\"https:\/\/central42.com.br\/novo\/wp-content\/uploads\/2017\/05\/Insepar\u00e1veis-banner.jpg\",\"contentUrl\":\"https:\/\/central42.com.br\/novo\/wp-content\/uploads\/2017\/05\/Insepar\u00e1veis-banner.jpg\",\"width\":1600,\"height\":834,\"caption\":\"Insepar\u00e1veis banner\"},{\"@type\":\"BreadcrumbList\",\"@id\":\"https:\/\/central42.com.br\/novo\/inseparaveis-intocaveis\/#breadcrumb\",\"itemListElement\":[{\"@type\":\"ListItem\",\"position\":1,\"name\":\"In\u00edcio\",\"item\":\"https:\/\/central42.com.br\/novo\/\"},{\"@type\":\"ListItem\",\"position\":2,\"name\":\"Insepar\u00e1veis e a compara\u00e7\u00e3o com Intoc\u00e1veis (Franc\u00eas X Argentino)\"}]},{\"@type\":\"WebSite\",\"@id\":\"https:\/\/central42.com.br\/novo\/#website\",\"url\":\"https:\/\/central42.com.br\/novo\/\",\"name\":\"Central 42\",\"description\":\"Cultura e entretenimento em um \u00fanico lugar\",\"potentialAction\":[{\"@type\":\"SearchAction\",\"target\":{\"@type\":\"EntryPoint\",\"urlTemplate\":\"https:\/\/central42.com.br\/novo\/?s={search_term_string}\"},\"query-input\":{\"@type\":\"PropertyValueSpecification\",\"valueRequired\":true,\"valueName\":\"search_term_string\"}}],\"inLanguage\":\"pt-BR\"},{\"@type\":\"Person\",\"@id\":\"https:\/\/central42.com.br\/novo\/#\/schema\/person\/b4e9f5750ea740a3a54fd062b7685211\",\"name\":\"Rosana Moreira\",\"image\":{\"@type\":\"ImageObject\",\"inLanguage\":\"pt-BR\",\"@id\":\"https:\/\/secure.gravatar.com\/avatar\/80db8474b30f043e420f0037c668d4e5858f50ff79a02b187e23d194f8675873?s=96&d=wavatar&r=g\",\"url\":\"https:\/\/secure.gravatar.com\/avatar\/80db8474b30f043e420f0037c668d4e5858f50ff79a02b187e23d194f8675873?s=96&d=wavatar&r=g\",\"contentUrl\":\"https:\/\/secure.gravatar.com\/avatar\/80db8474b30f043e420f0037c668d4e5858f50ff79a02b187e23d194f8675873?s=96&d=wavatar&r=g\",\"caption\":\"Rosana Moreira\"},\"description\":\"Cineasta formada pela Academia Internacional de Cinema. Produtora audiovisual, dirigiu o curta metragem \\\"4:23\\\" em 2016 e \\\"Dissonantes\\\" em 2017.\",\"sameAs\":[\"https:\/\/www.facebook.com\/profile.php?id=100009348763897\",\"https:\/\/www.instagram.com\/rosanamoreirareal\/\"],\"url\":\"https:\/\/central42.com.br\/novo\/author\/rosanavtc\/\"}]}<\/script>\n<!-- \/ Yoast SEO plugin. -->","yoast_head_json":{"title":"Insepar\u00e1veis e a compara\u00e7\u00e3o com Intoc\u00e1veis (Franc\u00eas X Argentino)","description":"Insepar\u00e1veis, do argentino Marcos Carnevale, faz uma c\u00f3pia - s\u00f3 que com uma produ\u00e7\u00e3o inferior - do filme franc\u00eas \u201cIntoc\u00e1veis\u201d","robots":{"index":"index","follow":"follow","max-snippet":"max-snippet:-1","max-image-preview":"max-image-preview:large","max-video-preview":"max-video-preview:-1"},"canonical":"https:\/\/central42.com.br\/novo\/inseparaveis-intocaveis\/","og_locale":"pt_BR","og_type":"article","og_title":"Insepar\u00e1veis e a compara\u00e7\u00e3o com Intoc\u00e1veis (Franc\u00eas X Argentino)","og_description":"Insepar\u00e1veis, do argentino Marcos Carnevale, faz uma c\u00f3pia - s\u00f3 que com uma produ\u00e7\u00e3o inferior - do filme franc\u00eas \u201cIntoc\u00e1veis\u201d","og_url":"https:\/\/central42.com.br\/novo\/inseparaveis-intocaveis\/","og_site_name":"Central 42","article_publisher":"https:\/\/www.facebook.com\/Central42","article_author":"https:\/\/www.facebook.com\/profile.php?id=100009348763897","article_published_time":"2017-06-02T05:19:56+00:00","og_image":[{"width":1600,"height":834,"url":"https:\/\/central42.com.br\/novo\/wp-content\/uploads\/2017\/05\/Insepar\u00e1veis-banner.jpg","type":"image\/jpeg"}],"author":"Rosana Moreira","twitter_misc":{"Escrito por":"Rosana Moreira","Est. tempo de leitura":"3 minutos"},"schema":{"@context":"https:\/\/schema.org","@graph":[{"@type":"Article","@id":"https:\/\/central42.com.br\/novo\/inseparaveis-intocaveis\/#article","isPartOf":{"@id":"https:\/\/central42.com.br\/novo\/inseparaveis-intocaveis\/"},"author":{"name":"Rosana Moreira","@id":"https:\/\/central42.com.br\/novo\/#\/schema\/person\/b4e9f5750ea740a3a54fd062b7685211"},"headline":"Insepar\u00e1veis e a compara\u00e7\u00e3o com Intoc\u00e1veis (Franc\u00eas X Argentino)","datePublished":"2017-06-02T05:19:56+00:00","mainEntityOfPage":{"@id":"https:\/\/central42.com.br\/novo\/inseparaveis-intocaveis\/"},"wordCount":560,"commentCount":0,"image":{"@id":"https:\/\/central42.com.br\/novo\/inseparaveis-intocaveis\/#primaryimage"},"thumbnailUrl":"https:\/\/central42.com.br\/novo\/wp-content\/uploads\/2017\/05\/Insepar\u00e1veis-banner.jpg","keywords":["argentina","cinema argentino","com\u00e9dia dram\u00e1tica","Cr\u00edtica","drama com\u00e9dia","el intocable","filme em espanhol","insepar\u00e1veis","Intouchables","os intoc\u00e1veis","Oscar Martinez","Rodrigo De la Serna","tetraplegia","tetrapl\u00e9gico"],"articleSection":["Falando Curto e Grosso"],"inLanguage":"pt-BR","potentialAction":[{"@type":"CommentAction","name":"Comment","target":["https:\/\/central42.com.br\/novo\/inseparaveis-intocaveis\/#respond"]}]},{"@type":"WebPage","@id":"https:\/\/central42.com.br\/novo\/inseparaveis-intocaveis\/","url":"https:\/\/central42.com.br\/novo\/inseparaveis-intocaveis\/","name":"Insepar\u00e1veis e a compara\u00e7\u00e3o com Intoc\u00e1veis (Franc\u00eas X Argentino)","isPartOf":{"@id":"https:\/\/central42.com.br\/novo\/#website"},"primaryImageOfPage":{"@id":"https:\/\/central42.com.br\/novo\/inseparaveis-intocaveis\/#primaryimage"},"image":{"@id":"https:\/\/central42.com.br\/novo\/inseparaveis-intocaveis\/#primaryimage"},"thumbnailUrl":"https:\/\/central42.com.br\/novo\/wp-content\/uploads\/2017\/05\/Insepar\u00e1veis-banner.jpg","datePublished":"2017-06-02T05:19:56+00:00","author":{"@id":"https:\/\/central42.com.br\/novo\/#\/schema\/person\/b4e9f5750ea740a3a54fd062b7685211"},"description":"Insepar\u00e1veis, do argentino Marcos Carnevale, faz uma c\u00f3pia - s\u00f3 que com uma produ\u00e7\u00e3o inferior - do filme franc\u00eas \u201cIntoc\u00e1veis\u201d","breadcrumb":{"@id":"https:\/\/central42.com.br\/novo\/inseparaveis-intocaveis\/#breadcrumb"},"inLanguage":"pt-BR","potentialAction":[{"@type":"ReadAction","target":["https:\/\/central42.com.br\/novo\/inseparaveis-intocaveis\/"]}]},{"@type":"ImageObject","inLanguage":"pt-BR","@id":"https:\/\/central42.com.br\/novo\/inseparaveis-intocaveis\/#primaryimage","url":"https:\/\/central42.com.br\/novo\/wp-content\/uploads\/2017\/05\/Insepar\u00e1veis-banner.jpg","contentUrl":"https:\/\/central42.com.br\/novo\/wp-content\/uploads\/2017\/05\/Insepar\u00e1veis-banner.jpg","width":1600,"height":834,"caption":"Insepar\u00e1veis banner"},{"@type":"BreadcrumbList","@id":"https:\/\/central42.com.br\/novo\/inseparaveis-intocaveis\/#breadcrumb","itemListElement":[{"@type":"ListItem","position":1,"name":"In\u00edcio","item":"https:\/\/central42.com.br\/novo\/"},{"@type":"ListItem","position":2,"name":"Insepar\u00e1veis e a compara\u00e7\u00e3o com Intoc\u00e1veis (Franc\u00eas X Argentino)"}]},{"@type":"WebSite","@id":"https:\/\/central42.com.br\/novo\/#website","url":"https:\/\/central42.com.br\/novo\/","name":"Central 42","description":"Cultura e entretenimento em um \u00fanico lugar","potentialAction":[{"@type":"SearchAction","target":{"@type":"EntryPoint","urlTemplate":"https:\/\/central42.com.br\/novo\/?s={search_term_string}"},"query-input":{"@type":"PropertyValueSpecification","valueRequired":true,"valueName":"search_term_string"}}],"inLanguage":"pt-BR"},{"@type":"Person","@id":"https:\/\/central42.com.br\/novo\/#\/schema\/person\/b4e9f5750ea740a3a54fd062b7685211","name":"Rosana Moreira","image":{"@type":"ImageObject","inLanguage":"pt-BR","@id":"https:\/\/secure.gravatar.com\/avatar\/80db8474b30f043e420f0037c668d4e5858f50ff79a02b187e23d194f8675873?s=96&d=wavatar&r=g","url":"https:\/\/secure.gravatar.com\/avatar\/80db8474b30f043e420f0037c668d4e5858f50ff79a02b187e23d194f8675873?s=96&d=wavatar&r=g","contentUrl":"https:\/\/secure.gravatar.com\/avatar\/80db8474b30f043e420f0037c668d4e5858f50ff79a02b187e23d194f8675873?s=96&d=wavatar&r=g","caption":"Rosana Moreira"},"description":"Cineasta formada pela Academia Internacional de Cinema. Produtora audiovisual, dirigiu o curta metragem \"4:23\" em 2016 e \"Dissonantes\" em 2017.","sameAs":["https:\/\/www.facebook.com\/profile.php?id=100009348763897","https:\/\/www.instagram.com\/rosanamoreirareal\/"],"url":"https:\/\/central42.com.br\/novo\/author\/rosanavtc\/"}]}},"_links":{"self":[{"href":"https:\/\/central42.com.br\/novo\/wp-json\/wp\/v2\/posts\/22339","targetHints":{"allow":["GET"]}}],"collection":[{"href":"https:\/\/central42.com.br\/novo\/wp-json\/wp\/v2\/posts"}],"about":[{"href":"https:\/\/central42.com.br\/novo\/wp-json\/wp\/v2\/types\/post"}],"author":[{"embeddable":true,"href":"https:\/\/central42.com.br\/novo\/wp-json\/wp\/v2\/users\/66"}],"replies":[{"embeddable":true,"href":"https:\/\/central42.com.br\/novo\/wp-json\/wp\/v2\/comments?post=22339"}],"version-history":[{"count":3,"href":"https:\/\/central42.com.br\/novo\/wp-json\/wp\/v2\/posts\/22339\/revisions"}],"predecessor-version":[{"id":22402,"href":"https:\/\/central42.com.br\/novo\/wp-json\/wp\/v2\/posts\/22339\/revisions\/22402"}],"wp:featuredmedia":[{"embeddable":true,"href":"https:\/\/central42.com.br\/novo\/wp-json\/wp\/v2\/media\/22400"}],"wp:attachment":[{"href":"https:\/\/central42.com.br\/novo\/wp-json\/wp\/v2\/media?parent=22339"}],"wp:term":[{"taxonomy":"category","embeddable":true,"href":"https:\/\/central42.com.br\/novo\/wp-json\/wp\/v2\/categories?post=22339"},{"taxonomy":"post_tag","embeddable":true,"href":"https:\/\/central42.com.br\/novo\/wp-json\/wp\/v2\/tags?post=22339"}],"curies":[{"name":"wp","href":"https:\/\/api.w.org\/{rel}","templated":true}]}}