{"id":21803,"date":"2017-03-26T19:06:44","date_gmt":"2017-03-26T22:06:44","guid":{"rendered":"http:\/\/www.central42.com.br\/novo\/?p=21803"},"modified":"2017-03-26T19:06:44","modified_gmt":"2017-03-26T22:06:44","slug":"pes-descalcos","status":"publish","type":"post","link":"https:\/\/central42.com.br\/novo\/pes-descalcos\/","title":{"rendered":"P\u00e9s Descal\u00e7os faz temporada no Teatro Alfredo Mesquita de 1\u00ba a 23 de Abril"},"content":{"rendered":"<!-- Start Audima Widget Injection -->\n<div id=\"audimaWidget\"><\/div>\n<script src=\"https:\/\/audio.audima.co\/audima-widget.js\"><\/script>\n<!-- End Audima Widget Injection -->\n<p>Depois de um longo tempo sem realizar uma temporada na cidade de S\u00e3o Paulo, O grupo <strong>Morpheus Teatro<\/strong> volta a apresentar o seu primeiro espet\u00e1culo voltado para toda a fam\u00edlia, o infantil\u00a0<strong>P\u00e9s Descal\u00e7os<\/strong>, contemplado com o <strong>4\u00b0 PR\u00caMIO Z\u00c9 RENATO 2016<\/strong>, da <a href=\"http:\/\/www.central42.com.br\/novo\/wp-content\/uploads\/2017\/03\/3-Pes-Descalcos_foto-003_Karim-Sauro_.jpg\"><img fetchpriority=\"high\" decoding=\"async\" class=\"alignright wp-image-21804 size-medium\" src=\"http:\/\/www.central42.com.br\/novo\/wp-content\/uploads\/2017\/03\/3-Pes-Descalcos_foto-003_Karim-Sauro_-300x200.jpg\" alt=\"P\u00e9s Descal\u00e7os\" width=\"300\" height=\"200\" srcset=\"https:\/\/central42.com.br\/novo\/wp-content\/uploads\/2017\/03\/3-Pes-Descalcos_foto-003_Karim-Sauro_-300x200.jpg 300w, https:\/\/central42.com.br\/novo\/wp-content\/uploads\/2017\/03\/3-Pes-Descalcos_foto-003_Karim-Sauro_-270x180.jpg 270w, https:\/\/central42.com.br\/novo\/wp-content\/uploads\/2017\/03\/3-Pes-Descalcos_foto-003_Karim-Sauro_-370x247.jpg 370w, https:\/\/central42.com.br\/novo\/wp-content\/uploads\/2017\/03\/3-Pes-Descalcos_foto-003_Karim-Sauro_-110x73.jpg 110w, https:\/\/central42.com.br\/novo\/wp-content\/uploads\/2017\/03\/3-Pes-Descalcos_foto-003_Karim-Sauro_-150x100.jpg 150w, https:\/\/central42.com.br\/novo\/wp-content\/uploads\/2017\/03\/3-Pes-Descalcos_foto-003_Karim-Sauro_.jpg 487w\" sizes=\"(max-width: 300px) 100vw, 300px\" \/><\/a>Secretaria Municipal da Cultura, no <strong>Teatro Alfredo Mesquita<\/strong> com temporada de 1\u00ba a 23 de abril, sempre aos s\u00e1bados e domingos, \u00e0s 16h.<\/p>\n<p>A montagem utiliza a linguagem do teatro de anima\u00e7\u00e3o, para falar da beleza do encontro, da aceita\u00e7\u00e3o do outro, do despojar-se de ideias pr\u00e9-concebidas, da for\u00e7a da imagina\u00e7\u00e3o e do ato criativo.<\/p>\n<p>A hist\u00f3ria narra o encontro de um menino e uma menina e da cria\u00e7\u00e3o de um mundo que eles s\u00e3o capazes de construir dentro de um simples tanque de areia. Um mundo sem muros e com os p\u00e9s descal\u00e7os.<\/p>\n<p><a href=\"http:\/\/www.central42.com.br\/novo\/wp-content\/uploads\/2017\/03\/1407182793P\u00c9S_DESCAL\u00c7OS_-_foto_01_Karim_Sauro_-_C\u00f3pia_COM_BRILHO.jpg\"><img decoding=\"async\" class=\"alignright wp-image-21834\" src=\"http:\/\/www.central42.com.br\/novo\/wp-content\/uploads\/2017\/03\/1407182793P\u00c9S_DESCAL\u00c7OS_-_foto_01_Karim_Sauro_-_C\u00f3pia_COM_BRILHO-188x300.jpg\" alt=\"P\u00e9s Descal\u00e7os\" width=\"148\" height=\"236\" srcset=\"https:\/\/central42.com.br\/novo\/wp-content\/uploads\/2017\/03\/1407182793P\u00c9S_DESCAL\u00c7OS_-_foto_01_Karim_Sauro_-_C\u00f3pia_COM_BRILHO-188x300.jpg 188w, https:\/\/central42.com.br\/novo\/wp-content\/uploads\/2017\/03\/1407182793P\u00c9S_DESCAL\u00c7OS_-_foto_01_Karim_Sauro_-_C\u00f3pia_COM_BRILHO-94x150.jpg 94w, https:\/\/central42.com.br\/novo\/wp-content\/uploads\/2017\/03\/1407182793P\u00c9S_DESCAL\u00c7OS_-_foto_01_Karim_Sauro_-_C\u00f3pia_COM_BRILHO-408x650.jpg 408w, https:\/\/central42.com.br\/novo\/wp-content\/uploads\/2017\/03\/1407182793P\u00c9S_DESCAL\u00c7OS_-_foto_01_Karim_Sauro_-_C\u00f3pia_COM_BRILHO.jpg 800w\" sizes=\"(max-width: 148px) 100vw, 148px\" \/><\/a>O universo de um tanque de areia de um parquinho, atrav\u00e9s do encontro de Flor\u00eancia, uma menina intr\u00e9pida e falante, com Rodolfo, um menino t\u00edmido e contemplativo, cria um mundo de possibilidades c\u00eanicas com a poesia dos personagens e suas perip\u00e9cias, al\u00e9m de estimular o p\u00fablico infantil a se sensibilizar com v\u00e1rias emo\u00e7\u00f5es. Sobre os medos e anseios, sobre a timidez, a sensa\u00e7\u00e3o de inadequa\u00e7\u00e3o, situa\u00e7\u00f5es que pertencem a todos serem humanos, desde a mais tenra idade.<\/p>\n<blockquote><p>&#8220;Queremos falar de temas dif\u00edceis como solid\u00e3o e medo, com lirismo e comicidade. Buscando fazer desta atividade art\u00edstica, um forte instrumento de enriquecimento do imagin\u00e1rio infantil, sensibilizando este espectador para sua forma\u00e7\u00e3o como ser humano. O teatro de anima\u00e7\u00e3o \u00e9 uma forma de express\u00e3o com grande for\u00e7a de identifica\u00e7\u00e3o por parte das crian\u00e7as.<\/p>\n<p>\u00c9 uma linguagem \u00edntima, l\u00fadica e funciona como uma ponte para o aprendizado com o mundo. O resultado \u00e9 uma grande cumplicidade para sentir, brincar e criar&#8221;, conta Ver\u00f4nica Gerchman, que assina o texto e a dire\u00e7\u00e3o.<\/p><\/blockquote>\n<p><strong><u>SOBRE GRUPO MORPHEUS<\/u><\/strong><\/p>\n<p>O grupo Morpheus Teatro completa 15 anos de trabalhos ininterrupto em 2017, desenvolve sua pesquisa com as linguagens do teatro de anima\u00e7\u00e3o, das m\u00e1scaras e do teatro f\u00edsico.<\/p>\n<p>Apresenta seu repert\u00f3rio de espet\u00e1culos para adultos e para toda a fam\u00edlia em teatros, institui\u00e7\u00f5es, espa\u00e7os alternativos e escolas por todo o Brasil, al\u00e9m de participar de mostras e festivais de teatro nacionais e internacionais. Teve a honra de apresentar-se em pa\u00edses como Vietnam, Irlanda, It\u00e1lia, Argentina, Chile e Col\u00f4mbia.<\/p>\n<p>O grupo foi laureado com pr\u00eamios Nacionais e internacionais, e contemplado com editais de montagem e circula\u00e7\u00e3o de espet\u00e1culos das secretarias de cultura municipal e estadual de S\u00e3o Paulo e do governo do Brasil.<\/p>\n<p>Ministra a oficina &#8220;A presen\u00e7a do ator no teatro de anima\u00e7\u00e3o&#8221; onde introduz para atores jovens e adultos, profissionais ou amadores, interessados em artes c\u00eanicas, aos princ\u00edpios da manipula\u00e7\u00e3o direta (t\u00e9cnica do teatro de anima\u00e7\u00e3o onde os bonecos s\u00e3o conduzidos diretamente sem o uso de fios ou varas). Em 2016 foi vencedor do Pr\u00eamio APCA de Melhor Espet\u00e1culo de Bonecos.<\/p>\n<p>[box type=&#8221;shadow&#8221; align=&#8221;aligncenter&#8221; class=&#8221;&#8221; width=&#8221;&#8221;]<\/p>\n<p style=\"text-align: center;\"><strong>P\u00e9s Descal\u00e7os<\/strong><\/p>\n<p><strong>Dire\u00e7\u00e3o e texto:<\/strong> Ver\u00f4nica Gerchman. <strong>Atores:<\/strong> Ver\u00f4nica Gerchman, Jo\u00e3o Araujo, Cassia Domingues, Dani Boni. <strong>M\u00fasicos:<\/strong> Jo\u00e3o Araujo e Dani Boni. <strong>Constru\u00e7\u00e3o de bonecos, cen\u00e1rio e ilumina\u00e7\u00e3o<\/strong>: Morpheus Teatro. <strong>Opera\u00e7\u00e3o T\u00e9cnica:<\/strong> Morpheus Teatro. <strong>Constru\u00e7\u00e3o da Trilha Sonora:<\/strong> Yuri de Franco, Dani Boni ,Mavutsinim e Mateus Pires. <strong>Figurinos<\/strong>: Luana de Lucca e Denise Fran\u00e7a. <strong>Fotos:<\/strong>Karim Sauro. <strong>Produ\u00e7\u00e3o Executiva:<\/strong> Deborah Corr\u00eaa. <strong>Produ\u00e7\u00e3o:<\/strong> Morpheus Teatro \u2013 Cooperativa Paulista de Teatro. <strong>Dura\u00e7\u00e3o:<\/strong> 50 minutos. <strong>Livre para todos os p\u00fablicos \u2013 Idade recomendada a partir de 3 anos. Estreou \u2013 agosto de 2010 no SESC Pinheiros.<\/strong><\/p>\n<p><strong>1 a 23 de abril, sempre s\u00e1bados e domingos, \u00e0s 16h.<\/strong><\/p>\n<p><strong>Teatro Alfredo Mesquita: <\/strong>Av Santos Dumont 1770 \u2013 S\u00e3o Paulo &#8211; SP<br \/>\nEsta\u00e7\u00f5es do Metr\u00f4 Pr\u00f3ximas: Carandiru e Portuguesa-Tiet\u00ea<\/p>\n<p><strong>BILHETERIA<\/strong><strong><br \/>\n<\/strong>(11)\u00a0 2221 3657<br \/>\nN\u00e3o aceita reservas<br \/>\n<strong><br \/>\nValor do ingresso<br \/>\nR$ 10 \u00a0<\/strong><\/p>\n<p>[\/box]<\/p>\n<script>console.log('Aud01');<\/script>","protected":false},"excerpt":{"rendered":"<p>O grupo Morpheus Teatro volta a apresentar o seu primeiro espet\u00e1culo voltado para toda a fam\u00edlia, o infantil P\u00e9s Descal\u00e7os<\/p>\n","protected":false},"author":39,"featured_media":21806,"comment_status":"open","ping_status":"open","sticky":false,"template":"","format":"standard","meta":{"_monsterinsights_skip_tracking":false,"_monsterinsights_sitenote_active":false,"_monsterinsights_sitenote_note":"","_monsterinsights_sitenote_category":0,"footnotes":""},"categories":[2588],"tags":[6198,4071,6197,2049,6216],"class_list":{"0":"post-21803","1":"post","2":"type-post","3":"status-publish","4":"format-standard","5":"has-post-thumbnail","7":"category-va-ao-teatro","8":"tag-grupo-morpheus","9":"tag-ludica","10":"tag-pes-descalcos","11":"tag-teatro","12":"tag-teatro-de-animacao"},"yoast_head":"<!-- This site is optimized with the Yoast SEO plugin v27.2 - https:\/\/yoast.com\/product\/yoast-seo-wordpress\/ -->\n<title>P\u00e9s Descal\u00e7os faz temporada no Teatro Alfredo Mesquita de 1\u00ba a 23 de Abril<\/title>\n<meta name=\"description\" content=\"O grupo Morpheus Teatro volta a apresentar o seu primeiro espet\u00e1culo voltado para toda a fam\u00edlia, o infantil P\u00e9s Descal\u00e7os\" \/>\n<meta name=\"robots\" content=\"index, follow, max-snippet:-1, max-image-preview:large, max-video-preview:-1\" \/>\n<link rel=\"canonical\" href=\"https:\/\/central42.com.br\/novo\/pes-descalcos\/\" \/>\n<meta property=\"og:locale\" content=\"pt_BR\" \/>\n<meta property=\"og:type\" content=\"article\" \/>\n<meta property=\"og:title\" content=\"P\u00e9s Descal\u00e7os faz temporada no Teatro Alfredo Mesquita de 1\u00ba a 23 de Abril\" \/>\n<meta property=\"og:description\" content=\"O grupo Morpheus Teatro volta a apresentar o seu primeiro espet\u00e1culo voltado para toda a fam\u00edlia, o infantil P\u00e9s Descal\u00e7os\" \/>\n<meta property=\"og:url\" content=\"https:\/\/central42.com.br\/novo\/pes-descalcos\/\" \/>\n<meta property=\"og:site_name\" content=\"Central 42\" \/>\n<meta property=\"article:publisher\" content=\"https:\/\/www.facebook.com\/Central42\" \/>\n<meta property=\"article:author\" content=\"https:\/\/www.facebook.com\/jufarina\" \/>\n<meta property=\"article:published_time\" content=\"2017-03-26T22:06:44+00:00\" \/>\n<meta property=\"og:image\" content=\"https:\/\/central42.com.br\/novo\/wp-content\/uploads\/2017\/03\/2-Pes-Descalcos_foto-002_Karim-Sauro-scaled.jpg\" \/>\n\t<meta property=\"og:image:width\" content=\"2560\" \/>\n\t<meta property=\"og:image:height\" content=\"1709\" \/>\n\t<meta property=\"og:image:type\" content=\"image\/jpeg\" \/>\n<meta name=\"author\" content=\"Juliana Farina\" \/>\n<meta name=\"twitter:label1\" content=\"Escrito por\" \/>\n\t<meta name=\"twitter:data1\" content=\"Juliana Farina\" \/>\n\t<meta name=\"twitter:label2\" content=\"Est. tempo de leitura\" \/>\n\t<meta name=\"twitter:data2\" content=\"3 minutos\" \/>\n<script type=\"application\/ld+json\" class=\"yoast-schema-graph\">{\"@context\":\"https:\/\/schema.org\",\"@graph\":[{\"@type\":\"Article\",\"@id\":\"https:\/\/central42.com.br\/novo\/pes-descalcos\/#article\",\"isPartOf\":{\"@id\":\"https:\/\/central42.com.br\/novo\/pes-descalcos\/\"},\"author\":{\"name\":\"Juliana Farina\",\"@id\":\"https:\/\/central42.com.br\/novo\/#\/schema\/person\/e5b0ade6f21dd07bf86e4f130b38a130\"},\"headline\":\"P\u00e9s Descal\u00e7os faz temporada no Teatro Alfredo Mesquita de 1\u00ba a 23 de Abril\",\"datePublished\":\"2017-03-26T22:06:44+00:00\",\"mainEntityOfPage\":{\"@id\":\"https:\/\/central42.com.br\/novo\/pes-descalcos\/\"},\"wordCount\":706,\"commentCount\":0,\"image\":{\"@id\":\"https:\/\/central42.com.br\/novo\/pes-descalcos\/#primaryimage\"},\"thumbnailUrl\":\"https:\/\/central42.com.br\/novo\/wp-content\/uploads\/2017\/03\/2-Pes-Descalcos_foto-002_Karim-Sauro-scaled.jpg\",\"keywords\":[\"GRUPO MORPHEUS\",\"l\u00fadica\",\"P\u00e9s Descal\u00e7os\",\"Teatro\",\"teatro de anima\u00e7\u00e3o\"],\"articleSection\":[\"V\u00e1 ao Teatro\"],\"inLanguage\":\"pt-BR\",\"potentialAction\":[{\"@type\":\"CommentAction\",\"name\":\"Comment\",\"target\":[\"https:\/\/central42.com.br\/novo\/pes-descalcos\/#respond\"]}]},{\"@type\":\"WebPage\",\"@id\":\"https:\/\/central42.com.br\/novo\/pes-descalcos\/\",\"url\":\"https:\/\/central42.com.br\/novo\/pes-descalcos\/\",\"name\":\"P\u00e9s Descal\u00e7os faz temporada no Teatro Alfredo Mesquita de 1\u00ba a 23 de Abril\",\"isPartOf\":{\"@id\":\"https:\/\/central42.com.br\/novo\/#website\"},\"primaryImageOfPage\":{\"@id\":\"https:\/\/central42.com.br\/novo\/pes-descalcos\/#primaryimage\"},\"image\":{\"@id\":\"https:\/\/central42.com.br\/novo\/pes-descalcos\/#primaryimage\"},\"thumbnailUrl\":\"https:\/\/central42.com.br\/novo\/wp-content\/uploads\/2017\/03\/2-Pes-Descalcos_foto-002_Karim-Sauro-scaled.jpg\",\"datePublished\":\"2017-03-26T22:06:44+00:00\",\"author\":{\"@id\":\"https:\/\/central42.com.br\/novo\/#\/schema\/person\/e5b0ade6f21dd07bf86e4f130b38a130\"},\"description\":\"O grupo Morpheus Teatro volta a apresentar o seu primeiro espet\u00e1culo voltado para toda a fam\u00edlia, o infantil P\u00e9s Descal\u00e7os\",\"breadcrumb\":{\"@id\":\"https:\/\/central42.com.br\/novo\/pes-descalcos\/#breadcrumb\"},\"inLanguage\":\"pt-BR\",\"potentialAction\":[{\"@type\":\"ReadAction\",\"target\":[\"https:\/\/central42.com.br\/novo\/pes-descalcos\/\"]}]},{\"@type\":\"ImageObject\",\"inLanguage\":\"pt-BR\",\"@id\":\"https:\/\/central42.com.br\/novo\/pes-descalcos\/#primaryimage\",\"url\":\"https:\/\/central42.com.br\/novo\/wp-content\/uploads\/2017\/03\/2-Pes-Descalcos_foto-002_Karim-Sauro-scaled.jpg\",\"contentUrl\":\"https:\/\/central42.com.br\/novo\/wp-content\/uploads\/2017\/03\/2-Pes-Descalcos_foto-002_Karim-Sauro-scaled.jpg\",\"width\":2560,\"height\":1709,\"caption\":\"P\u00e9s Descal\u00e7os\"},{\"@type\":\"BreadcrumbList\",\"@id\":\"https:\/\/central42.com.br\/novo\/pes-descalcos\/#breadcrumb\",\"itemListElement\":[{\"@type\":\"ListItem\",\"position\":1,\"name\":\"In\u00edcio\",\"item\":\"https:\/\/central42.com.br\/novo\/\"},{\"@type\":\"ListItem\",\"position\":2,\"name\":\"P\u00e9s Descal\u00e7os faz temporada no Teatro Alfredo Mesquita de 1\u00ba a 23 de Abril\"}]},{\"@type\":\"WebSite\",\"@id\":\"https:\/\/central42.com.br\/novo\/#website\",\"url\":\"https:\/\/central42.com.br\/novo\/\",\"name\":\"Central 42\",\"description\":\"Cultura e entretenimento em um \u00fanico lugar\",\"potentialAction\":[{\"@type\":\"SearchAction\",\"target\":{\"@type\":\"EntryPoint\",\"urlTemplate\":\"https:\/\/central42.com.br\/novo\/?s={search_term_string}\"},\"query-input\":{\"@type\":\"PropertyValueSpecification\",\"valueRequired\":true,\"valueName\":\"search_term_string\"}}],\"inLanguage\":\"pt-BR\"},{\"@type\":\"Person\",\"@id\":\"https:\/\/central42.com.br\/novo\/#\/schema\/person\/e5b0ade6f21dd07bf86e4f130b38a130\",\"name\":\"Juliana Farina\",\"image\":{\"@type\":\"ImageObject\",\"inLanguage\":\"pt-BR\",\"@id\":\"https:\/\/secure.gravatar.com\/avatar\/97890f359c4962027ab417212b101d55a0cc464f9aa98eed547f1f33d07c36ee?s=96&d=wavatar&r=g\",\"url\":\"https:\/\/secure.gravatar.com\/avatar\/97890f359c4962027ab417212b101d55a0cc464f9aa98eed547f1f33d07c36ee?s=96&d=wavatar&r=g\",\"contentUrl\":\"https:\/\/secure.gravatar.com\/avatar\/97890f359c4962027ab417212b101d55a0cc464f9aa98eed547f1f33d07c36ee?s=96&d=wavatar&r=g\",\"caption\":\"Juliana Farina\"},\"description\":\"Eterna Social Media, sempre conectada. Apaixonada pela natureza, ama os animais, vegan, bailarina, Naturopata e curiosa.\",\"sameAs\":[\"https:\/\/www.facebook.com\/jufarina\",\"https:\/\/x.com\/JuFarina\"],\"url\":\"https:\/\/central42.com.br\/novo\/author\/julianahbf\/\"}]}<\/script>\n<!-- \/ Yoast SEO plugin. -->","yoast_head_json":{"title":"P\u00e9s Descal\u00e7os faz temporada no Teatro Alfredo Mesquita de 1\u00ba a 23 de Abril","description":"O grupo Morpheus Teatro volta a apresentar o seu primeiro espet\u00e1culo voltado para toda a fam\u00edlia, o infantil P\u00e9s Descal\u00e7os","robots":{"index":"index","follow":"follow","max-snippet":"max-snippet:-1","max-image-preview":"max-image-preview:large","max-video-preview":"max-video-preview:-1"},"canonical":"https:\/\/central42.com.br\/novo\/pes-descalcos\/","og_locale":"pt_BR","og_type":"article","og_title":"P\u00e9s Descal\u00e7os faz temporada no Teatro Alfredo Mesquita de 1\u00ba a 23 de Abril","og_description":"O grupo Morpheus Teatro volta a apresentar o seu primeiro espet\u00e1culo voltado para toda a fam\u00edlia, o infantil P\u00e9s Descal\u00e7os","og_url":"https:\/\/central42.com.br\/novo\/pes-descalcos\/","og_site_name":"Central 42","article_publisher":"https:\/\/www.facebook.com\/Central42","article_author":"https:\/\/www.facebook.com\/jufarina","article_published_time":"2017-03-26T22:06:44+00:00","og_image":[{"width":2560,"height":1709,"url":"https:\/\/central42.com.br\/novo\/wp-content\/uploads\/2017\/03\/2-Pes-Descalcos_foto-002_Karim-Sauro-scaled.jpg","type":"image\/jpeg"}],"author":"Juliana Farina","twitter_misc":{"Escrito por":"Juliana Farina","Est. tempo de leitura":"3 minutos"},"schema":{"@context":"https:\/\/schema.org","@graph":[{"@type":"Article","@id":"https:\/\/central42.com.br\/novo\/pes-descalcos\/#article","isPartOf":{"@id":"https:\/\/central42.com.br\/novo\/pes-descalcos\/"},"author":{"name":"Juliana Farina","@id":"https:\/\/central42.com.br\/novo\/#\/schema\/person\/e5b0ade6f21dd07bf86e4f130b38a130"},"headline":"P\u00e9s Descal\u00e7os faz temporada no Teatro Alfredo Mesquita de 1\u00ba a 23 de Abril","datePublished":"2017-03-26T22:06:44+00:00","mainEntityOfPage":{"@id":"https:\/\/central42.com.br\/novo\/pes-descalcos\/"},"wordCount":706,"commentCount":0,"image":{"@id":"https:\/\/central42.com.br\/novo\/pes-descalcos\/#primaryimage"},"thumbnailUrl":"https:\/\/central42.com.br\/novo\/wp-content\/uploads\/2017\/03\/2-Pes-Descalcos_foto-002_Karim-Sauro-scaled.jpg","keywords":["GRUPO MORPHEUS","l\u00fadica","P\u00e9s Descal\u00e7os","Teatro","teatro de anima\u00e7\u00e3o"],"articleSection":["V\u00e1 ao Teatro"],"inLanguage":"pt-BR","potentialAction":[{"@type":"CommentAction","name":"Comment","target":["https:\/\/central42.com.br\/novo\/pes-descalcos\/#respond"]}]},{"@type":"WebPage","@id":"https:\/\/central42.com.br\/novo\/pes-descalcos\/","url":"https:\/\/central42.com.br\/novo\/pes-descalcos\/","name":"P\u00e9s Descal\u00e7os faz temporada no Teatro Alfredo Mesquita de 1\u00ba a 23 de Abril","isPartOf":{"@id":"https:\/\/central42.com.br\/novo\/#website"},"primaryImageOfPage":{"@id":"https:\/\/central42.com.br\/novo\/pes-descalcos\/#primaryimage"},"image":{"@id":"https:\/\/central42.com.br\/novo\/pes-descalcos\/#primaryimage"},"thumbnailUrl":"https:\/\/central42.com.br\/novo\/wp-content\/uploads\/2017\/03\/2-Pes-Descalcos_foto-002_Karim-Sauro-scaled.jpg","datePublished":"2017-03-26T22:06:44+00:00","author":{"@id":"https:\/\/central42.com.br\/novo\/#\/schema\/person\/e5b0ade6f21dd07bf86e4f130b38a130"},"description":"O grupo Morpheus Teatro volta a apresentar o seu primeiro espet\u00e1culo voltado para toda a fam\u00edlia, o infantil P\u00e9s Descal\u00e7os","breadcrumb":{"@id":"https:\/\/central42.com.br\/novo\/pes-descalcos\/#breadcrumb"},"inLanguage":"pt-BR","potentialAction":[{"@type":"ReadAction","target":["https:\/\/central42.com.br\/novo\/pes-descalcos\/"]}]},{"@type":"ImageObject","inLanguage":"pt-BR","@id":"https:\/\/central42.com.br\/novo\/pes-descalcos\/#primaryimage","url":"https:\/\/central42.com.br\/novo\/wp-content\/uploads\/2017\/03\/2-Pes-Descalcos_foto-002_Karim-Sauro-scaled.jpg","contentUrl":"https:\/\/central42.com.br\/novo\/wp-content\/uploads\/2017\/03\/2-Pes-Descalcos_foto-002_Karim-Sauro-scaled.jpg","width":2560,"height":1709,"caption":"P\u00e9s Descal\u00e7os"},{"@type":"BreadcrumbList","@id":"https:\/\/central42.com.br\/novo\/pes-descalcos\/#breadcrumb","itemListElement":[{"@type":"ListItem","position":1,"name":"In\u00edcio","item":"https:\/\/central42.com.br\/novo\/"},{"@type":"ListItem","position":2,"name":"P\u00e9s Descal\u00e7os faz temporada no Teatro Alfredo Mesquita de 1\u00ba a 23 de Abril"}]},{"@type":"WebSite","@id":"https:\/\/central42.com.br\/novo\/#website","url":"https:\/\/central42.com.br\/novo\/","name":"Central 42","description":"Cultura e entretenimento em um \u00fanico lugar","potentialAction":[{"@type":"SearchAction","target":{"@type":"EntryPoint","urlTemplate":"https:\/\/central42.com.br\/novo\/?s={search_term_string}"},"query-input":{"@type":"PropertyValueSpecification","valueRequired":true,"valueName":"search_term_string"}}],"inLanguage":"pt-BR"},{"@type":"Person","@id":"https:\/\/central42.com.br\/novo\/#\/schema\/person\/e5b0ade6f21dd07bf86e4f130b38a130","name":"Juliana Farina","image":{"@type":"ImageObject","inLanguage":"pt-BR","@id":"https:\/\/secure.gravatar.com\/avatar\/97890f359c4962027ab417212b101d55a0cc464f9aa98eed547f1f33d07c36ee?s=96&d=wavatar&r=g","url":"https:\/\/secure.gravatar.com\/avatar\/97890f359c4962027ab417212b101d55a0cc464f9aa98eed547f1f33d07c36ee?s=96&d=wavatar&r=g","contentUrl":"https:\/\/secure.gravatar.com\/avatar\/97890f359c4962027ab417212b101d55a0cc464f9aa98eed547f1f33d07c36ee?s=96&d=wavatar&r=g","caption":"Juliana Farina"},"description":"Eterna Social Media, sempre conectada. Apaixonada pela natureza, ama os animais, vegan, bailarina, Naturopata e curiosa.","sameAs":["https:\/\/www.facebook.com\/jufarina","https:\/\/x.com\/JuFarina"],"url":"https:\/\/central42.com.br\/novo\/author\/julianahbf\/"}]}},"_links":{"self":[{"href":"https:\/\/central42.com.br\/novo\/wp-json\/wp\/v2\/posts\/21803","targetHints":{"allow":["GET"]}}],"collection":[{"href":"https:\/\/central42.com.br\/novo\/wp-json\/wp\/v2\/posts"}],"about":[{"href":"https:\/\/central42.com.br\/novo\/wp-json\/wp\/v2\/types\/post"}],"author":[{"embeddable":true,"href":"https:\/\/central42.com.br\/novo\/wp-json\/wp\/v2\/users\/39"}],"replies":[{"embeddable":true,"href":"https:\/\/central42.com.br\/novo\/wp-json\/wp\/v2\/comments?post=21803"}],"version-history":[{"count":3,"href":"https:\/\/central42.com.br\/novo\/wp-json\/wp\/v2\/posts\/21803\/revisions"}],"predecessor-version":[{"id":21835,"href":"https:\/\/central42.com.br\/novo\/wp-json\/wp\/v2\/posts\/21803\/revisions\/21835"}],"wp:featuredmedia":[{"embeddable":true,"href":"https:\/\/central42.com.br\/novo\/wp-json\/wp\/v2\/media\/21806"}],"wp:attachment":[{"href":"https:\/\/central42.com.br\/novo\/wp-json\/wp\/v2\/media?parent=21803"}],"wp:term":[{"taxonomy":"category","embeddable":true,"href":"https:\/\/central42.com.br\/novo\/wp-json\/wp\/v2\/categories?post=21803"},{"taxonomy":"post_tag","embeddable":true,"href":"https:\/\/central42.com.br\/novo\/wp-json\/wp\/v2\/tags?post=21803"}],"curies":[{"name":"wp","href":"https:\/\/api.w.org\/{rel}","templated":true}]}}