{"id":21134,"date":"2017-01-19T20:15:21","date_gmt":"2017-01-19T23:15:21","guid":{"rendered":"http:\/\/www.central42.com.br\/novo\/?p=21134"},"modified":"2017-01-19T20:15:21","modified_gmt":"2017-01-19T23:15:21","slug":"la-la-land-uma-homenagem","status":"publish","type":"post","link":"https:\/\/central42.com.br\/novo\/la-la-land-uma-homenagem\/","title":{"rendered":"La La Land \u00e9 uma homenagem espetacular aos grandes musicais"},"content":{"rendered":"<!-- Start Audima Widget Injection -->\n<div id=\"audimaWidget\"><\/div>\n<script src=\"https:\/\/audio.audima.co\/audima-widget.js\"><\/script>\n<!-- End Audima Widget Injection -->\n<p>Em meio ao tr\u00e2nsito de uma grande cidade, jovens das mais distintas origens saem de seus carros e iniciam um n\u00famero musical que, rodado em plano-sequ\u00eancia revelar\u00e1 a verdadeira extens\u00e3o do engarrafamento e toda a graciosidade da coreografia, que ainda ganha o acompanhamento de uma banda. <a href=\"http:\/\/www.central42.com.br\/novo\/wp-content\/uploads\/2017\/01\/329329.jpg-r_1920_1080-f_jpg-q_x-xxyxx.jpg\"><img fetchpriority=\"high\" decoding=\"async\" class=\"alignleft size-medium wp-image-21142\" src=\"http:\/\/www.central42.com.br\/novo\/wp-content\/uploads\/2017\/01\/329329.jpg-r_1920_1080-f_jpg-q_x-xxyxx-205x300.jpg\" alt=\"La La Land\" width=\"205\" height=\"300\" srcset=\"https:\/\/central42.com.br\/novo\/wp-content\/uploads\/2017\/01\/329329.jpg-r_1920_1080-f_jpg-q_x-xxyxx-205x300.jpg 205w, https:\/\/central42.com.br\/novo\/wp-content\/uploads\/2017\/01\/329329.jpg-r_1920_1080-f_jpg-q_x-xxyxx-103x150.jpg 103w, https:\/\/central42.com.br\/novo\/wp-content\/uploads\/2017\/01\/329329.jpg-r_1920_1080-f_jpg-q_x-xxyxx-445x650.jpg 445w, https:\/\/central42.com.br\/novo\/wp-content\/uploads\/2017\/01\/329329.jpg-r_1920_1080-f_jpg-q_x-xxyxx.jpg 739w\" sizes=\"(max-width: 205px) 100vw, 205px\" \/><\/a>Cores fortes comp\u00f5e o figurino que encontra eco nos carros que comp\u00f5em a cena, tudo isso ao som de uma can\u00e7\u00e3o que nos lembra que n\u00e3o importa o qu\u00e3o ruim pode estar o nosso dia, pois sempre haver\u00e1 outro. Otimismo, entusiasmo e, acima de tudo, alegria sem preconceitos ou compromissos. E essa \u00e9 apenas a sequ\u00eancia de abertura de <strong><em>La La Land<\/em><\/strong>, segundo filme de <em>Damien Chazelle<\/em>, o menino prod\u00edgio de Hollywood.<\/p>\n<p>Contando a hist\u00f3ria de um pianista de Jazz (Ryan Gosling, de Drive) e uma aspirante a atriz (Emma Stone, de Birdman), Chazelle n\u00e3o demora a deixar claro que seu filme \u00e9 sobre sonhos, embora o romance esteja presente n\u00e3o s\u00f3 na trama, como tamb\u00e9m no pr\u00f3prio protagonista, que \u00e9 um rom\u00e2ntico incorrig\u00edvel. Em <em>La La Land<\/em>, os sonhos est\u00e3o acima de tudo, at\u00e9 mesmo do amor.<\/p>\n<p>Aqui a singela hist\u00f3ria de amor entre Mia e Sebastian \u00e9 apenas pano de fundo para uma bela homenagem aos grandes musicais da Era de Ouro em Hollywood. N\u00e3o por acaso, a trama se passa justamente em Los Angeles, com Mia trabalhando numa cafeteria dentro do est\u00fadio Warner.<\/p>\n<p>Uma carta de amor \u00e0 Cidade das Estrelas que n\u00e3o se furta em venerar os cl\u00e1ssicos, fazendo in\u00fameras refer\u00eancias a obras como Cantando na Chuva, Marujos do Amor, Os Guarda-Chuvas do Amor, e muitos outros. Ali\u00e1s, atrav\u00e9s da onipresen\u00e7a de p\u00f4steres e outdoors, \u00e9 curioso notar como os personagens est\u00e3o sempre sob a sombra dos Cl\u00e1ssicos. Por melhor que seja, por\u00e9m, La La Land n\u00e3o \u00e9 Cantando na Chuva.<\/p>\n<p><a href=\"http:\/\/www.central42.com.br\/novo\/wp-content\/uploads\/2017\/01\/336408.jpg-r_1920_1080-f_jpg-q_x-xxyxx.jpg\"><img decoding=\"async\" class=\"aligncenter  wp-image-21143\" src=\"http:\/\/www.central42.com.br\/novo\/wp-content\/uploads\/2017\/01\/336408.jpg-r_1920_1080-f_jpg-q_x-xxyxx-650x432.jpg\" alt=\"\" width=\"577\" height=\"384\" srcset=\"https:\/\/central42.com.br\/novo\/wp-content\/uploads\/2017\/01\/336408.jpg-r_1920_1080-f_jpg-q_x-xxyxx-650x432.jpg 650w, https:\/\/central42.com.br\/novo\/wp-content\/uploads\/2017\/01\/336408.jpg-r_1920_1080-f_jpg-q_x-xxyxx-270x180.jpg 270w, https:\/\/central42.com.br\/novo\/wp-content\/uploads\/2017\/01\/336408.jpg-r_1920_1080-f_jpg-q_x-xxyxx-370x247.jpg 370w, https:\/\/central42.com.br\/novo\/wp-content\/uploads\/2017\/01\/336408.jpg-r_1920_1080-f_jpg-q_x-xxyxx-110x73.jpg 110w, https:\/\/central42.com.br\/novo\/wp-content\/uploads\/2017\/01\/336408.jpg-r_1920_1080-f_jpg-q_x-xxyxx-150x100.jpg 150w, https:\/\/central42.com.br\/novo\/wp-content\/uploads\/2017\/01\/336408.jpg-r_1920_1080-f_jpg-q_x-xxyxx-300x200.jpg 300w, https:\/\/central42.com.br\/novo\/wp-content\/uploads\/2017\/01\/336408.jpg-r_1920_1080-f_jpg-q_x-xxyxx-310x205.jpg 310w, https:\/\/central42.com.br\/novo\/wp-content\/uploads\/2017\/01\/336408.jpg-r_1920_1080-f_jpg-q_x-xxyxx.jpg 1200w\" sizes=\"(max-width: 577px) 100vw, 577px\" \/><\/a><\/p>\n<p>O roteiro de Chazelle, al\u00e9m de reverenciar o Cinema Cl\u00e1ssico, tamb\u00e9m prop\u00f5e algumas reflex\u00f5es, como ao tecer coment\u00e1rios sobre o Jazz e seu futuro (complementando o tema de Whiplash, seu filme anterior) e ao construir di\u00e1logos relevantes (\u201cVeneram tudo, mas n\u00e3o valorizam nada\u201d), principalmente nas cenas envolvendo o personagem de John Legend.<\/p>\n<p>Repetindo a qu\u00edmica certeira do \u00f3timo Amor \u00e0 Toda Prova, a dupla Emma Stone e Ryan Gosling usa todo seu chame e carisma para compensar prov\u00e1veis limita\u00e7\u00f5es nos n\u00fameros musicais, especialmente Gosling que n\u00e3o se revela o melhor dos cantores, ao contr\u00e1rio de Emma Stone que brilha com a can\u00e7\u00e3o Audition. Stone ali\u00e1s oferece, talvez, a melhor performance de sua carreira ao fazer um \u00f3timo trabalhos em diferentes frentes de interpreta\u00e7\u00e3o.<\/p>\n<p>Ryan Gosling tem a oportunidade de construir seu Sebastian como um homem apaixonado pelo Jazz e que n\u00e3o medir\u00e1 esfor\u00e7os para realizar o sonho de ter seu pr\u00f3prio Jazz Club. \u201cLutar por um sonho\u201d \u00e9 o tema que acaba unindo o casal protagonista e que acaba servindo, simultaneamente, como uma esp\u00e9cie de conflito, j\u00e1 que ambos eventualmente dever\u00e3o fazer escolhas.<\/p>\n<p><a href=\"http:\/\/www.central42.com.br\/novo\/wp-content\/uploads\/2017\/01\/337502.jpg-r_1920_1080-f_jpg-q_x-xxyxx.jpg\"><img decoding=\"async\" class=\"aligncenter  wp-image-21144\" src=\"http:\/\/www.central42.com.br\/novo\/wp-content\/uploads\/2017\/01\/337502.jpg-r_1920_1080-f_jpg-q_x-xxyxx-650x433.jpg\" alt=\"La La Land\" width=\"543\" height=\"362\" srcset=\"https:\/\/central42.com.br\/novo\/wp-content\/uploads\/2017\/01\/337502.jpg-r_1920_1080-f_jpg-q_x-xxyxx-650x433.jpg 650w, https:\/\/central42.com.br\/novo\/wp-content\/uploads\/2017\/01\/337502.jpg-r_1920_1080-f_jpg-q_x-xxyxx-270x180.jpg 270w, https:\/\/central42.com.br\/novo\/wp-content\/uploads\/2017\/01\/337502.jpg-r_1920_1080-f_jpg-q_x-xxyxx-770x515.jpg 770w, https:\/\/central42.com.br\/novo\/wp-content\/uploads\/2017\/01\/337502.jpg-r_1920_1080-f_jpg-q_x-xxyxx-370x247.jpg 370w, https:\/\/central42.com.br\/novo\/wp-content\/uploads\/2017\/01\/337502.jpg-r_1920_1080-f_jpg-q_x-xxyxx-110x73.jpg 110w, https:\/\/central42.com.br\/novo\/wp-content\/uploads\/2017\/01\/337502.jpg-r_1920_1080-f_jpg-q_x-xxyxx-150x100.jpg 150w, https:\/\/central42.com.br\/novo\/wp-content\/uploads\/2017\/01\/337502.jpg-r_1920_1080-f_jpg-q_x-xxyxx-300x200.jpg 300w, https:\/\/central42.com.br\/novo\/wp-content\/uploads\/2017\/01\/337502.jpg-r_1920_1080-f_jpg-q_x-xxyxx.jpg 1200w\" sizes=\"(max-width: 543px) 100vw, 543px\" \/><\/a><\/p>\n<p>Como j\u00e1 era de se esperar, a trilha sonora de Justin Hurwitz (tamb\u00e9m de Whiplash) \u00e9 um show \u00e0 parte, aproveitando a melodia de cada can\u00e7\u00e3o (tamb\u00e9m de autoria de Hurwitz) para construir a atmosfera do filme. Com letras que refletem os temas do roteiro, Hurwitz atinge o \u00e1pice com a bela \u201cCity of Stars\u201d, cantada por Sebastian na sequ\u00eancia do p\u00eder.<\/p>\n<p>E se a trilha sonora \u00e9 digna de pr\u00eamios, a Fotografia de Linus Sandgren (colaborador recorrente de David O. Russell) \u00e9 de uma beleza deslumbrante, merecendo aplausos pelo \u00f3timo uso das cores e da ilumina\u00e7\u00e3o. Abusando dos planos em contraluz, Sandgren e o diretor Damien Chazelle tamb\u00e9m n\u00e3o hesitam em usar cores saturadas para conferirem ainda mais beleza \u00e0s paisagens hollywoodianas, criando alguns planos que merecem ser emoldurados.<\/p>\n<p>A dire\u00e7\u00e3o de arte tamb\u00e9m se destaca pelo uso de cores fortes, com destaque para o apartamento que Mia divide com as amigas e cujas paredes possuem cores (fortes) diferentes. Por fim, La La Land \u00e9 um musical que jamais perde o ritmo, o que pode ser creditado ao bel\u00edssimo trabalho de Tom Cross que investe numa montagem din\u00e2mica e estilizada.<\/p>\n<p>Ap\u00f3s o inevit\u00e1vel \u201cThe End\u201d, a sensa\u00e7\u00e3o que fica \u00e9 a de ter assistido a um espet\u00e1culo repleto de vida e povoado por criaturas am\u00e1veis, por\u00e9m, mais do que isso, La La Land \u00e9 uma bela resposta aos que consideram o g\u00eanero musical como algo ultrapassado.<\/p>\n<p><iframe width=\"770\" height=\"433\" src=\"https:\/\/www.youtube.com\/embed\/0KpWc-cwQtY?feature=oembed\" frameborder=\"0\" allow=\"autoplay; encrypted-media\" allowfullscreen><\/iframe><\/p>\n<script>console.log('Aud01');<\/script>","protected":false},"excerpt":{"rendered":"<p>La La Land \u00e9 uma homenagem espetacular aos grandes musicais e uma bela resposta aos que consideram o g\u00eanero musical como algo ultrapassado.<\/p>\n","protected":false},"author":50,"featured_media":21145,"comment_status":"open","ping_status":"open","sticky":false,"template":"","format":"standard","meta":{"_monsterinsights_skip_tracking":false,"_monsterinsights_sitenote_active":false,"_monsterinsights_sitenote_note":"","_monsterinsights_sitenote_category":0,"footnotes":""},"categories":[16],"tags":[5559,5553,5557,5567,5558,2362,852,5556,1024,4705,5562,5554,5564,5552,5566,5551,5560,2913,1500,1501,1829,5555,4728,5565,3324,5561,5563,2110,2868],"class_list":{"0":"post-21134","1":"post","2":"type-post","3":"status-publish","4":"format-standard","5":"has-post-thumbnail","7":"category-curto-e-grosso","8":"tag-academy-award","9":"tag-california","10":"tag-callie-hernandez","11":"tag-cidade-das-estrelas","12":"tag-damien-chazelle","13":"tag-emma-stone","14":"tag-filme-2","15":"tag-finn-wittrock","16":"tag-hollywood","17":"tag-jazz","18":"tag-jessica-rothe","19":"tag-john-legend","20":"tag-josh-pence","21":"tag-l-a","22":"tag-la","23":"tag-la-la-land","24":"tag-lionsgate","25":"tag-los-angeles","26":"tag-musica-2","27":"tag-musical","28":"tag-romance","29":"tag-rosemarie-dewitt","30":"tag-ryan-gosling","31":"tag-sebastian","32":"tag-sonho","33":"tag-sonoya-mizuno","34":"tag-tom-everett-scott","35":"tag-trailer","36":"tag-whiplash"},"yoast_head":"<!-- This site is optimized with the Yoast SEO plugin v27.2 - https:\/\/yoast.com\/product\/yoast-seo-wordpress\/ -->\n<title>La La Land \u00e9 uma homenagem espetacular aos grandes musicais<\/title>\n<meta name=\"description\" content=\"La La Land \u00e9 uma homenagem espetacular aos grandes musicais e uma bela resposta aos que consideram o g\u00eanero musical como algo ultrapassado.\" \/>\n<meta name=\"robots\" content=\"index, follow, max-snippet:-1, max-image-preview:large, max-video-preview:-1\" \/>\n<link rel=\"canonical\" href=\"https:\/\/central42.com.br\/novo\/la-la-land-uma-homenagem\/\" \/>\n<meta property=\"og:locale\" content=\"pt_BR\" \/>\n<meta property=\"og:type\" content=\"article\" \/>\n<meta property=\"og:title\" content=\"La La Land \u00e9 uma homenagem espetacular aos grandes musicais\" \/>\n<meta property=\"og:description\" content=\"La La Land \u00e9 uma homenagem espetacular aos grandes musicais e uma bela resposta aos que consideram o g\u00eanero musical como algo ultrapassado.\" \/>\n<meta property=\"og:url\" content=\"https:\/\/central42.com.br\/novo\/la-la-land-uma-homenagem\/\" \/>\n<meta property=\"og:site_name\" content=\"Central 42\" \/>\n<meta property=\"article:publisher\" content=\"https:\/\/www.facebook.com\/Central42\" \/>\n<meta property=\"article:author\" content=\"https:\/\/www.facebook.com\/guilherme.candido.5492\" \/>\n<meta property=\"article:published_time\" content=\"2017-01-19T23:15:21+00:00\" \/>\n<meta property=\"og:image\" content=\"https:\/\/central42.com.br\/novo\/wp-content\/uploads\/2017\/01\/488406.jpg-r_1920_1080-f_jpg-q_x-xxyxx.jpg\" \/>\n\t<meta property=\"og:image:width\" content=\"660\" \/>\n\t<meta property=\"og:image:height\" content=\"423\" \/>\n\t<meta property=\"og:image:type\" content=\"image\/jpeg\" \/>\n<meta name=\"author\" content=\"Guilherme C\u00e2ndido\" \/>\n<meta name=\"twitter:label1\" content=\"Escrito por\" \/>\n\t<meta name=\"twitter:data1\" content=\"Guilherme C\u00e2ndido\" \/>\n\t<meta name=\"twitter:label2\" content=\"Est. tempo de leitura\" \/>\n\t<meta name=\"twitter:data2\" content=\"4 minutos\" \/>\n<script type=\"application\/ld+json\" class=\"yoast-schema-graph\">{\"@context\":\"https:\/\/schema.org\",\"@graph\":[{\"@type\":\"Article\",\"@id\":\"https:\/\/central42.com.br\/novo\/la-la-land-uma-homenagem\/#article\",\"isPartOf\":{\"@id\":\"https:\/\/central42.com.br\/novo\/la-la-land-uma-homenagem\/\"},\"author\":{\"name\":\"Guilherme C\u00e2ndido\",\"@id\":\"https:\/\/central42.com.br\/novo\/#\/schema\/person\/9511595e71b9178841e67259b4929cce\"},\"headline\":\"La La Land \u00e9 uma homenagem espetacular aos grandes musicais\",\"datePublished\":\"2017-01-19T23:15:21+00:00\",\"mainEntityOfPage\":{\"@id\":\"https:\/\/central42.com.br\/novo\/la-la-land-uma-homenagem\/\"},\"wordCount\":797,\"commentCount\":0,\"image\":{\"@id\":\"https:\/\/central42.com.br\/novo\/la-la-land-uma-homenagem\/#primaryimage\"},\"thumbnailUrl\":\"https:\/\/central42.com.br\/novo\/wp-content\/uploads\/2017\/01\/488406.jpg-r_1920_1080-f_jpg-q_x-xxyxx.jpg\",\"keywords\":[\"Academy Award\",\"California\",\"Callie Hernandez\",\"cidade das estrelas\",\"Damien Chazelle\",\"emma stone\",\"filme\",\"Finn Wittrock\",\"Hollywood\",\"jazz\",\"Jessica Rothe\",\"John Legend\",\"Josh Pence\",\"L.A.\",\"LA\",\"La La Land\",\"Lionsgate\",\"Los Angeles\",\"m\u00fasica\",\"Musical\",\"romance\",\"Rosemarie DeWitt\",\"Ryan Gosling\",\"Sebastian\",\"sonho\",\"Sonoya Mizuno\",\"Tom Everett Scott\",\"trailer\",\"Whiplash\"],\"articleSection\":[\"Falando Curto e Grosso\"],\"inLanguage\":\"pt-BR\",\"potentialAction\":[{\"@type\":\"CommentAction\",\"name\":\"Comment\",\"target\":[\"https:\/\/central42.com.br\/novo\/la-la-land-uma-homenagem\/#respond\"]}]},{\"@type\":\"WebPage\",\"@id\":\"https:\/\/central42.com.br\/novo\/la-la-land-uma-homenagem\/\",\"url\":\"https:\/\/central42.com.br\/novo\/la-la-land-uma-homenagem\/\",\"name\":\"La La Land \u00e9 uma homenagem espetacular aos grandes musicais\",\"isPartOf\":{\"@id\":\"https:\/\/central42.com.br\/novo\/#website\"},\"primaryImageOfPage\":{\"@id\":\"https:\/\/central42.com.br\/novo\/la-la-land-uma-homenagem\/#primaryimage\"},\"image\":{\"@id\":\"https:\/\/central42.com.br\/novo\/la-la-land-uma-homenagem\/#primaryimage\"},\"thumbnailUrl\":\"https:\/\/central42.com.br\/novo\/wp-content\/uploads\/2017\/01\/488406.jpg-r_1920_1080-f_jpg-q_x-xxyxx.jpg\",\"datePublished\":\"2017-01-19T23:15:21+00:00\",\"author\":{\"@id\":\"https:\/\/central42.com.br\/novo\/#\/schema\/person\/9511595e71b9178841e67259b4929cce\"},\"description\":\"La La Land \u00e9 uma homenagem espetacular aos grandes musicais e uma bela resposta aos que consideram o g\u00eanero musical como algo ultrapassado.\",\"breadcrumb\":{\"@id\":\"https:\/\/central42.com.br\/novo\/la-la-land-uma-homenagem\/#breadcrumb\"},\"inLanguage\":\"pt-BR\",\"potentialAction\":[{\"@type\":\"ReadAction\",\"target\":[\"https:\/\/central42.com.br\/novo\/la-la-land-uma-homenagem\/\"]}]},{\"@type\":\"ImageObject\",\"inLanguage\":\"pt-BR\",\"@id\":\"https:\/\/central42.com.br\/novo\/la-la-land-uma-homenagem\/#primaryimage\",\"url\":\"https:\/\/central42.com.br\/novo\/wp-content\/uploads\/2017\/01\/488406.jpg-r_1920_1080-f_jpg-q_x-xxyxx.jpg\",\"contentUrl\":\"https:\/\/central42.com.br\/novo\/wp-content\/uploads\/2017\/01\/488406.jpg-r_1920_1080-f_jpg-q_x-xxyxx.jpg\",\"width\":660,\"height\":423,\"caption\":\"La La Land\"},{\"@type\":\"BreadcrumbList\",\"@id\":\"https:\/\/central42.com.br\/novo\/la-la-land-uma-homenagem\/#breadcrumb\",\"itemListElement\":[{\"@type\":\"ListItem\",\"position\":1,\"name\":\"In\u00edcio\",\"item\":\"https:\/\/central42.com.br\/novo\/\"},{\"@type\":\"ListItem\",\"position\":2,\"name\":\"La La Land \u00e9 uma homenagem espetacular aos grandes musicais\"}]},{\"@type\":\"WebSite\",\"@id\":\"https:\/\/central42.com.br\/novo\/#website\",\"url\":\"https:\/\/central42.com.br\/novo\/\",\"name\":\"Central 42\",\"description\":\"Cultura e entretenimento em um \u00fanico lugar\",\"potentialAction\":[{\"@type\":\"SearchAction\",\"target\":{\"@type\":\"EntryPoint\",\"urlTemplate\":\"https:\/\/central42.com.br\/novo\/?s={search_term_string}\"},\"query-input\":{\"@type\":\"PropertyValueSpecification\",\"valueRequired\":true,\"valueName\":\"search_term_string\"}}],\"inLanguage\":\"pt-BR\"},{\"@type\":\"Person\",\"@id\":\"https:\/\/central42.com.br\/novo\/#\/schema\/person\/9511595e71b9178841e67259b4929cce\",\"name\":\"Guilherme C\u00e2ndido\",\"image\":{\"@type\":\"ImageObject\",\"inLanguage\":\"pt-BR\",\"@id\":\"https:\/\/secure.gravatar.com\/avatar\/1dff9ecd4611cf9f70d39538d77ba91f4c13ec2ccf1d705f85fb262f1c4235d4?s=96&d=wavatar&r=g\",\"url\":\"https:\/\/secure.gravatar.com\/avatar\/1dff9ecd4611cf9f70d39538d77ba91f4c13ec2ccf1d705f85fb262f1c4235d4?s=96&d=wavatar&r=g\",\"contentUrl\":\"https:\/\/secure.gravatar.com\/avatar\/1dff9ecd4611cf9f70d39538d77ba91f4c13ec2ccf1d705f85fb262f1c4235d4?s=96&d=wavatar&r=g\",\"caption\":\"Guilherme C\u00e2ndido\"},\"description\":\"Cr\u00edtico de Cinema e Carioca. Apaixonado pela S\u00e9tima Arte, mas tamb\u00e9m aprecia uma boa m\u00fasica, faz maratona de s\u00e9ries, devora livros, e acompanha futebol. Meryl Streep e Arroz s\u00e3o paix\u00f5es \u00e0 parte...\",\"sameAs\":[\"https:\/\/www.facebook.com\/guilherme.candido.5492\",\"https:\/\/x.com\/GuiKhandido\"],\"url\":\"https:\/\/central42.com.br\/novo\/author\/guikhandido\/\"}]}<\/script>\n<!-- \/ Yoast SEO plugin. -->","yoast_head_json":{"title":"La La Land \u00e9 uma homenagem espetacular aos grandes musicais","description":"La La Land \u00e9 uma homenagem espetacular aos grandes musicais e uma bela resposta aos que consideram o g\u00eanero musical como algo ultrapassado.","robots":{"index":"index","follow":"follow","max-snippet":"max-snippet:-1","max-image-preview":"max-image-preview:large","max-video-preview":"max-video-preview:-1"},"canonical":"https:\/\/central42.com.br\/novo\/la-la-land-uma-homenagem\/","og_locale":"pt_BR","og_type":"article","og_title":"La La Land \u00e9 uma homenagem espetacular aos grandes musicais","og_description":"La La Land \u00e9 uma homenagem espetacular aos grandes musicais e uma bela resposta aos que consideram o g\u00eanero musical como algo ultrapassado.","og_url":"https:\/\/central42.com.br\/novo\/la-la-land-uma-homenagem\/","og_site_name":"Central 42","article_publisher":"https:\/\/www.facebook.com\/Central42","article_author":"https:\/\/www.facebook.com\/guilherme.candido.5492","article_published_time":"2017-01-19T23:15:21+00:00","og_image":[{"width":660,"height":423,"url":"https:\/\/central42.com.br\/novo\/wp-content\/uploads\/2017\/01\/488406.jpg-r_1920_1080-f_jpg-q_x-xxyxx.jpg","type":"image\/jpeg"}],"author":"Guilherme C\u00e2ndido","twitter_misc":{"Escrito por":"Guilherme C\u00e2ndido","Est. tempo de leitura":"4 minutos"},"schema":{"@context":"https:\/\/schema.org","@graph":[{"@type":"Article","@id":"https:\/\/central42.com.br\/novo\/la-la-land-uma-homenagem\/#article","isPartOf":{"@id":"https:\/\/central42.com.br\/novo\/la-la-land-uma-homenagem\/"},"author":{"name":"Guilherme C\u00e2ndido","@id":"https:\/\/central42.com.br\/novo\/#\/schema\/person\/9511595e71b9178841e67259b4929cce"},"headline":"La La Land \u00e9 uma homenagem espetacular aos grandes musicais","datePublished":"2017-01-19T23:15:21+00:00","mainEntityOfPage":{"@id":"https:\/\/central42.com.br\/novo\/la-la-land-uma-homenagem\/"},"wordCount":797,"commentCount":0,"image":{"@id":"https:\/\/central42.com.br\/novo\/la-la-land-uma-homenagem\/#primaryimage"},"thumbnailUrl":"https:\/\/central42.com.br\/novo\/wp-content\/uploads\/2017\/01\/488406.jpg-r_1920_1080-f_jpg-q_x-xxyxx.jpg","keywords":["Academy Award","California","Callie Hernandez","cidade das estrelas","Damien Chazelle","emma stone","filme","Finn Wittrock","Hollywood","jazz","Jessica Rothe","John Legend","Josh Pence","L.A.","LA","La La Land","Lionsgate","Los Angeles","m\u00fasica","Musical","romance","Rosemarie DeWitt","Ryan Gosling","Sebastian","sonho","Sonoya Mizuno","Tom Everett Scott","trailer","Whiplash"],"articleSection":["Falando Curto e Grosso"],"inLanguage":"pt-BR","potentialAction":[{"@type":"CommentAction","name":"Comment","target":["https:\/\/central42.com.br\/novo\/la-la-land-uma-homenagem\/#respond"]}]},{"@type":"WebPage","@id":"https:\/\/central42.com.br\/novo\/la-la-land-uma-homenagem\/","url":"https:\/\/central42.com.br\/novo\/la-la-land-uma-homenagem\/","name":"La La Land \u00e9 uma homenagem espetacular aos grandes musicais","isPartOf":{"@id":"https:\/\/central42.com.br\/novo\/#website"},"primaryImageOfPage":{"@id":"https:\/\/central42.com.br\/novo\/la-la-land-uma-homenagem\/#primaryimage"},"image":{"@id":"https:\/\/central42.com.br\/novo\/la-la-land-uma-homenagem\/#primaryimage"},"thumbnailUrl":"https:\/\/central42.com.br\/novo\/wp-content\/uploads\/2017\/01\/488406.jpg-r_1920_1080-f_jpg-q_x-xxyxx.jpg","datePublished":"2017-01-19T23:15:21+00:00","author":{"@id":"https:\/\/central42.com.br\/novo\/#\/schema\/person\/9511595e71b9178841e67259b4929cce"},"description":"La La Land \u00e9 uma homenagem espetacular aos grandes musicais e uma bela resposta aos que consideram o g\u00eanero musical como algo ultrapassado.","breadcrumb":{"@id":"https:\/\/central42.com.br\/novo\/la-la-land-uma-homenagem\/#breadcrumb"},"inLanguage":"pt-BR","potentialAction":[{"@type":"ReadAction","target":["https:\/\/central42.com.br\/novo\/la-la-land-uma-homenagem\/"]}]},{"@type":"ImageObject","inLanguage":"pt-BR","@id":"https:\/\/central42.com.br\/novo\/la-la-land-uma-homenagem\/#primaryimage","url":"https:\/\/central42.com.br\/novo\/wp-content\/uploads\/2017\/01\/488406.jpg-r_1920_1080-f_jpg-q_x-xxyxx.jpg","contentUrl":"https:\/\/central42.com.br\/novo\/wp-content\/uploads\/2017\/01\/488406.jpg-r_1920_1080-f_jpg-q_x-xxyxx.jpg","width":660,"height":423,"caption":"La La Land"},{"@type":"BreadcrumbList","@id":"https:\/\/central42.com.br\/novo\/la-la-land-uma-homenagem\/#breadcrumb","itemListElement":[{"@type":"ListItem","position":1,"name":"In\u00edcio","item":"https:\/\/central42.com.br\/novo\/"},{"@type":"ListItem","position":2,"name":"La La Land \u00e9 uma homenagem espetacular aos grandes musicais"}]},{"@type":"WebSite","@id":"https:\/\/central42.com.br\/novo\/#website","url":"https:\/\/central42.com.br\/novo\/","name":"Central 42","description":"Cultura e entretenimento em um \u00fanico lugar","potentialAction":[{"@type":"SearchAction","target":{"@type":"EntryPoint","urlTemplate":"https:\/\/central42.com.br\/novo\/?s={search_term_string}"},"query-input":{"@type":"PropertyValueSpecification","valueRequired":true,"valueName":"search_term_string"}}],"inLanguage":"pt-BR"},{"@type":"Person","@id":"https:\/\/central42.com.br\/novo\/#\/schema\/person\/9511595e71b9178841e67259b4929cce","name":"Guilherme C\u00e2ndido","image":{"@type":"ImageObject","inLanguage":"pt-BR","@id":"https:\/\/secure.gravatar.com\/avatar\/1dff9ecd4611cf9f70d39538d77ba91f4c13ec2ccf1d705f85fb262f1c4235d4?s=96&d=wavatar&r=g","url":"https:\/\/secure.gravatar.com\/avatar\/1dff9ecd4611cf9f70d39538d77ba91f4c13ec2ccf1d705f85fb262f1c4235d4?s=96&d=wavatar&r=g","contentUrl":"https:\/\/secure.gravatar.com\/avatar\/1dff9ecd4611cf9f70d39538d77ba91f4c13ec2ccf1d705f85fb262f1c4235d4?s=96&d=wavatar&r=g","caption":"Guilherme C\u00e2ndido"},"description":"Cr\u00edtico de Cinema e Carioca. Apaixonado pela S\u00e9tima Arte, mas tamb\u00e9m aprecia uma boa m\u00fasica, faz maratona de s\u00e9ries, devora livros, e acompanha futebol. Meryl Streep e Arroz s\u00e3o paix\u00f5es \u00e0 parte...","sameAs":["https:\/\/www.facebook.com\/guilherme.candido.5492","https:\/\/x.com\/GuiKhandido"],"url":"https:\/\/central42.com.br\/novo\/author\/guikhandido\/"}]}},"_links":{"self":[{"href":"https:\/\/central42.com.br\/novo\/wp-json\/wp\/v2\/posts\/21134","targetHints":{"allow":["GET"]}}],"collection":[{"href":"https:\/\/central42.com.br\/novo\/wp-json\/wp\/v2\/posts"}],"about":[{"href":"https:\/\/central42.com.br\/novo\/wp-json\/wp\/v2\/types\/post"}],"author":[{"embeddable":true,"href":"https:\/\/central42.com.br\/novo\/wp-json\/wp\/v2\/users\/50"}],"replies":[{"embeddable":true,"href":"https:\/\/central42.com.br\/novo\/wp-json\/wp\/v2\/comments?post=21134"}],"version-history":[{"count":3,"href":"https:\/\/central42.com.br\/novo\/wp-json\/wp\/v2\/posts\/21134\/revisions"}],"predecessor-version":[{"id":21146,"href":"https:\/\/central42.com.br\/novo\/wp-json\/wp\/v2\/posts\/21134\/revisions\/21146"}],"wp:featuredmedia":[{"embeddable":true,"href":"https:\/\/central42.com.br\/novo\/wp-json\/wp\/v2\/media\/21145"}],"wp:attachment":[{"href":"https:\/\/central42.com.br\/novo\/wp-json\/wp\/v2\/media?parent=21134"}],"wp:term":[{"taxonomy":"category","embeddable":true,"href":"https:\/\/central42.com.br\/novo\/wp-json\/wp\/v2\/categories?post=21134"},{"taxonomy":"post_tag","embeddable":true,"href":"https:\/\/central42.com.br\/novo\/wp-json\/wp\/v2\/tags?post=21134"}],"curies":[{"name":"wp","href":"https:\/\/api.w.org\/{rel}","templated":true}]}}