{"id":21065,"date":"2017-01-15T20:24:40","date_gmt":"2017-01-15T23:24:40","guid":{"rendered":"http:\/\/www.central42.com.br\/novo\/?p=21065"},"modified":"2017-01-15T20:24:40","modified_gmt":"2017-01-15T23:24:40","slug":"carrossel-o-musical","status":"publish","type":"post","link":"https:\/\/central42.com.br\/novo\/carrossel-o-musical\/","title":{"rendered":"Carrossel, o Musical traz de volta personagens da novela"},"content":{"rendered":"<!-- Start Audima Widget Injection -->\n<div id=\"audimaWidget\"><\/div>\n<script src=\"https:\/\/audio.audima.co\/audima-widget.js\"><\/script>\n<!-- End Audima Widget Injection -->\n<p><strong><em>Carrossel, o Musical<\/em><\/strong> estreia dia 20 de janeiro no Teatro Santander, em S\u00e3o Paulo e traz de volta os personagens da novela e dos filmes, em texto in\u00e9dito de Fernanda Maia, que tamb\u00e9m divide a <a href=\"http:\/\/www.central42.com.br\/novo\/wp-content\/uploads\/2017\/01\/IMG_6752.jpg\"><img fetchpriority=\"high\" decoding=\"async\" class=\"alignleft wp-image-21086 size-medium\" src=\"http:\/\/www.central42.com.br\/novo\/wp-content\/uploads\/2017\/01\/IMG_6752-300x200.jpg\" alt=\"Carrossel\" width=\"300\" height=\"200\" srcset=\"https:\/\/central42.com.br\/novo\/wp-content\/uploads\/2017\/01\/IMG_6752-300x200.jpg 300w, https:\/\/central42.com.br\/novo\/wp-content\/uploads\/2017\/01\/IMG_6752-270x180.jpg 270w, https:\/\/central42.com.br\/novo\/wp-content\/uploads\/2017\/01\/IMG_6752-770x515.jpg 770w, https:\/\/central42.com.br\/novo\/wp-content\/uploads\/2017\/01\/IMG_6752-370x247.jpg 370w, https:\/\/central42.com.br\/novo\/wp-content\/uploads\/2017\/01\/IMG_6752-110x73.jpg 110w, https:\/\/central42.com.br\/novo\/wp-content\/uploads\/2017\/01\/IMG_6752-150x100.jpg 150w, https:\/\/central42.com.br\/novo\/wp-content\/uploads\/2017\/01\/IMG_6752-650x434.jpg 650w, https:\/\/central42.com.br\/novo\/wp-content\/uploads\/2017\/01\/IMG_6752.jpg 988w\" sizes=\"(max-width: 300px) 100vw, 300px\" \/><\/a>dire\u00e7\u00e3o com Z\u00e9 Henrique de Paula.<\/p>\n<p>A\u00a0montagem com efeitos especiais que acentuam a atmosfera de mist\u00e9rio e aventura do roteiro escrito por Fernanda Maia. O musical conta com elementos originais da novela, como parte do cen\u00e1rio da Escola Mundial e os uniformes dos alunos<\/p>\n<p>Depois de um remake de sucesso na TV e de dois filmes que fizeram mais de cinco milh\u00f5es de espectadores nos cinemas, as crian\u00e7as da Escola Mundial e sua professora Helena voltam \u00e0 cena, desta vez aos palcos e em formato de teatro musical. A premiada autora e diretora Fernanda Maia (Chovendo na Roseira, Menino Lua, Can\u00e7\u00e3o de Amor em Rosa e Sonhos n\u00e3o envelhecem) escreveu o texto in\u00e9dito, al\u00e9m de assinar a dire\u00e7\u00e3o musical e co-assinar a dire\u00e7\u00e3o geral com Z\u00e9 Henrique de Paula (este tamb\u00e9m respons\u00e1vel pela dire\u00e7\u00e3o art\u00edstica do projeto).<\/p>\n<p>Produzido pela G.O. Prod. Art\u00edsticas (Adriana Del Claro) e Firma de Teatro (Z\u00e9 Henrique de Paula), o espet\u00e1culo conta com o apoio do SBT e Televisa.<\/p>\n<figure id=\"attachment_21066\" aria-describedby=\"caption-attachment-21066\" style=\"width: 191px\" class=\"wp-caption alignright\"><a href=\"http:\/\/www.central42.com.br\/novo\/wp-content\/uploads\/2017\/01\/chriscouto2.jpg\"><img decoding=\"async\" class=\"wp-image-21066\" src=\"http:\/\/www.central42.com.br\/novo\/wp-content\/uploads\/2017\/01\/chriscouto2-300x300.jpg\" alt=\"Carrossel\" width=\"191\" height=\"191\" srcset=\"https:\/\/central42.com.br\/novo\/wp-content\/uploads\/2017\/01\/chriscouto2-300x300.jpg 300w, https:\/\/central42.com.br\/novo\/wp-content\/uploads\/2017\/01\/chriscouto2-370x370.jpg 370w, https:\/\/central42.com.br\/novo\/wp-content\/uploads\/2017\/01\/chriscouto2-150x150.jpg 150w, https:\/\/central42.com.br\/novo\/wp-content\/uploads\/2017\/01\/chriscouto2.jpg 475w\" sizes=\"(max-width: 191px) 100vw, 191px\" \/><\/a><figcaption id=\"caption-attachment-21066\" class=\"wp-caption-text\"><center><b>Cris Couto<\/b><\/center><\/figcaption><\/figure>\n<p>Os alunos da Escola Mundial voltam das f\u00e9rias e reencontram sua amada professora Helena e a faxineira Gra\u00e7a (que ser\u00e3o vividas por Rosane Mulholland e M\u00e1rcia de Oliveira, atrizes originais da novela em participa\u00e7\u00e3o especial no musical). A diretora Olivia (agora vivida por Chris Couto) tenta manter a ordem na escola, ao mesmo tempo em que busca consolo para uma desilus\u00e3o amorosa por causa de seu pretendente Aderbal (papel de Roney Facchini).<\/p>\n<figure id=\"attachment_21068\" aria-describedby=\"caption-attachment-21068\" style=\"width: 181px\" class=\"wp-caption alignleft\"><a href=\"http:\/\/www.central42.com.br\/novo\/wp-content\/uploads\/2017\/01\/cprof.jpg\"><img decoding=\"async\" class=\"wp-image-21068\" src=\"http:\/\/www.central42.com.br\/novo\/wp-content\/uploads\/2017\/01\/cprof-257x300.jpg\" alt=\"Carrossel\" width=\"181\" height=\"211\" srcset=\"https:\/\/central42.com.br\/novo\/wp-content\/uploads\/2017\/01\/cprof-257x300.jpg 257w, https:\/\/central42.com.br\/novo\/wp-content\/uploads\/2017\/01\/cprof-129x150.jpg 129w, https:\/\/central42.com.br\/novo\/wp-content\/uploads\/2017\/01\/cprof-557x650.jpg 557w, https:\/\/central42.com.br\/novo\/wp-content\/uploads\/2017\/01\/cprof.jpg 600w\" sizes=\"(max-width: 181px) 100vw, 181px\" \/><\/a><figcaption id=\"caption-attachment-21068\" class=\"wp-caption-text\"><center><b>Rosane Mulholland<\/b><\/center><\/figcaption><\/figure>\n<p>O rico empres\u00e1rio e sua secret\u00e1ria Marlene (Rosana Penna) surgem na escola para uma visita de surpresa e acabam envolvidos numa hist\u00f3ria de suspense e aventura que envolvem um quadro antigo, um tesouro secreto, uma donzela apaixonada e o fantasma de um pirata espanhol (Patrick Amstalden). Depois de Cirilo passar por maus bocados nas m\u00e3os de vil\u00f5es que tentam passar por mocinhos, a Patrulha Salvadora acaba por restabelecer a paz, em meio a uma emocionante hist\u00f3ria de amor.<\/p>\n<p>A pe\u00e7a traz 13 personagens infantis originais da novela, representados por dois elencos que se revezam. As 26 crian\u00e7as de 8 a 12 anos foram selecionadas entre 850 inscritos durante as audi\u00e7\u00f5es e interpretam os personagens que fazem a Escola Mundial vibrar de anima\u00e7\u00e3o: Maria Joaquina, Cirilo, Laura, Jaime, Al\u00edcia, Carmen, Daniel, Marcelina, Val\u00e9ria, M\u00e1rio, Marcelina, Paulo e Kokimoto.<\/p>\n<p><a href=\"http:\/\/www.central42.com.br\/novo\/wp-content\/uploads\/2017\/01\/IMG_6743.jpg\"><img loading=\"lazy\" decoding=\"async\" class=\"aligncenter  wp-image-21085\" src=\"http:\/\/www.central42.com.br\/novo\/wp-content\/uploads\/2017\/01\/IMG_6743-650x434.jpg\" alt=\"\" width=\"467\" height=\"312\" srcset=\"https:\/\/central42.com.br\/novo\/wp-content\/uploads\/2017\/01\/IMG_6743-650x434.jpg 650w, https:\/\/central42.com.br\/novo\/wp-content\/uploads\/2017\/01\/IMG_6743-270x180.jpg 270w, https:\/\/central42.com.br\/novo\/wp-content\/uploads\/2017\/01\/IMG_6743-770x515.jpg 770w, https:\/\/central42.com.br\/novo\/wp-content\/uploads\/2017\/01\/IMG_6743-370x247.jpg 370w, https:\/\/central42.com.br\/novo\/wp-content\/uploads\/2017\/01\/IMG_6743-110x73.jpg 110w, https:\/\/central42.com.br\/novo\/wp-content\/uploads\/2017\/01\/IMG_6743-150x100.jpg 150w, https:\/\/central42.com.br\/novo\/wp-content\/uploads\/2017\/01\/IMG_6743-300x200.jpg 300w, https:\/\/central42.com.br\/novo\/wp-content\/uploads\/2017\/01\/IMG_6743.jpg 988w\" sizes=\"(max-width: 467px) 100vw, 467px\" \/><\/a><\/p>\n<p>Com cen\u00e1rios conhecidos como o p\u00e1tio da escola, a sala de aula, a sala da diretora e a casa abandonada, a produ\u00e7\u00e3o ter\u00e1 itens originais da novela, como as carteiras, os bancos do p\u00e1tio e a cesta de basquete. As m\u00fasicas s\u00e3o tamb\u00e9m as da TV, em novos arranjos especialmente criados por Fernanda Maia.<\/p>\n<p>[box type=&#8221;shadow&#8221; align=&#8221;aligncenter&#8221; class=&#8221;&#8221; width=&#8221;&#8221;]<\/p>\n<p style=\"text-align: center;\"><strong><em>Carrossel, o Musical<\/em><\/strong><\/p>\n<p><strong>Elenco Adulto<\/strong><\/p>\n<p>Rosanne Mulholland \u2013 Professora Helena<br \/>\nMarcia de Oliveira \u2013 Gra\u00e7a<br \/>\nChris Couto \u2013 Diretora Ol\u00edvia<br \/>\nRoney Facchini \u2013 Aderbal<br \/>\nRosana Penna \u2013 Marlene<br \/>\nPatrick Amstalden \u2013 Pirata Bartolomeu Cabe\u00e7a de C\u00e3o<\/p>\n<p><strong>Elenco Infantil<\/strong><\/p>\n<p>Adrielly Takaki, Bia Dalmolin, Bruno Shiraishi Costa, Caio Cesar Laranjeira, Chiara Scarlett, Dante Hiroshi, Dudu Ejchel, Enzo Krieger, Gabriel Cordeiro, Gean Guedes, Giulia Savi, Henry Gaspar, Isabella Aguiar, Isabella Faile, Kaleb Figueiredo, Lia Botelho, Manuela Gomes de Matos, Matheus Guerra, Matheus Machado, Murillo Martins, Pedro Felipe Santos Souza, Pedro Guimaro, Rachel Aguiar, Sofia Penna, Valentina Machado, Vicky Lubliner.<\/p>\n<p>Texto: Fernanda Maia<br \/>\nDire\u00e7\u00e3o: Z\u00e9 Henrique de Paula e Fernanda Maia<br \/>\nDire\u00e7\u00e3o Musical: Fernanda Maia<br \/>\nCenografia: Bruno Anselmo<br \/>\nFigurinos: Z\u00e9 Henrique de Paula<br \/>\nIlumina\u00e7\u00e3o: Fran Barros<br \/>\nPrepara\u00e7\u00e3o de atores: In\u00eas Aranha<br \/>\nCoreografia: Gabriel Malo<br \/>\nProjeto sonoro: Jo\u00e3o Baracho<br \/>\nAssist\u00eancia de dire\u00e7\u00e3o musical: Bibi Cavalcante<br \/>\nPrepara\u00e7\u00e3o Vocal: Rafa Miranda<br \/>\nVisagista: Hugo Daniel<br \/>\nCoordena\u00e7\u00e3o de equipe de figurinos: Marianna Baffa<br \/>\nAssist\u00eancia de figurinos: Carolina Franco e Leandro Oliveira<br \/>\nCenotecnico: Fernando Brettas<br \/>\nAssist\u00eancia de cenografia: Jo\u00e3o Paulo Oliveira<br \/>\nArte gr\u00e1fica: Wallace Gerardi<br \/>\nV\u00eddeo: Laerte K\u00e9ssimos<br \/>\nVenda para grupos: Let\u00edcia Maneira Zappulla<br \/>\nRedes sociais: Giovana Cirne<br \/>\nProdu\u00e7\u00e3o geral: Adriana Del Claro<br \/>\nCoordena\u00e7\u00e3o de produ\u00e7\u00e3o: Claudia Miranda<br \/>\nProdu\u00e7\u00e3o executiva: Louise Bonassi e Lucas Farias<br \/>\nAssist\u00eancia de produ\u00e7\u00e3o: Laura Sciulli e Mariana Mello<br \/>\nRealiza\u00e7\u00e3o: GO. PROMO e Firma de teatro<\/p>\n<p>Teatro Santander &#8211; Complexo do Shopping JK Iguatemi<br \/>\nEndere\u00e7o: Av. Presidente Juscelino Kubitschek, 2041<br \/>\nBairro Itaim Bibi &#8211; S\u00e3o Paulo\/SP<br \/>\nContato (11) 4003-1022<br \/>\nVendas: bilheteria do teatro<br \/>\nVendas online:<br \/>\nEntretix &#8211;\u00a0https:\/\/www.entretix.com.br\/<br \/>\nIngresso R\u00e1pido &#8211;\u00a0https:\/\/www.ingressorapido.com.br<br \/>\nTemporada:<br \/>\nDe 20 de janeiro a 9 de abril.<br \/>\nSextas, \u00e0s 20h<br \/>\nS\u00e1bados, \u00e0s 16h e 19h<br \/>\nDomingo, \u00e0s 11h e 15h<br \/>\nIngressos:<br \/>\nPlateia VIP R$ 150,00<br \/>\nPlateia Superior R$ 120,00<br \/>\nFrisa Plateia Superior R$ 120,00<br \/>\nBalc\u00e3o R$ 90,00<br \/>\nFrisa Balc\u00e3o R$ 80,00<\/p>\n<p>[\/box]<\/p>\n<script>console.log('Aud01');<\/script>","protected":false},"excerpt":{"rendered":"<p>Carrossel, o Musical estreia dia 20 de janeiro no Teatro Santander, em S\u00e3o Paulo e traz de volta os personagens da novela e dos filmes.<\/p>\n","protected":false},"author":39,"featured_media":21070,"comment_status":"open","ping_status":"open","sticky":false,"template":"","format":"standard","meta":{"_monsterinsights_skip_tracking":false,"_monsterinsights_sitenote_active":false,"_monsterinsights_sitenote_note":"","_monsterinsights_sitenote_category":0,"footnotes":""},"categories":[2588],"tags":[5507,3545,483,852,5511,5508,1549,4447,5509,5510,2049],"class_list":{"0":"post-21065","1":"post","2":"type-post","3":"status-publish","4":"format-standard","5":"has-post-thumbnail","7":"category-va-ao-teatro","8":"tag-carrossel","9":"tag-chris-couto","10":"tag-cinema-2","11":"tag-filme-2","12":"tag-marcia-de-oliveira","13":"tag-musical-carrossel","14":"tag-novela","15":"tag-o-musical","16":"tag-professora-helena","17":"tag-rosane-mulholland","18":"tag-teatro"},"yoast_head":"<!-- This site is optimized with the Yoast SEO plugin v27.2 - https:\/\/yoast.com\/product\/yoast-seo-wordpress\/ -->\n<title>Carrossel, o Musical traz de volta personagens da novela<\/title>\n<meta name=\"description\" content=\"Carrossel, o Musical estreia dia 20 de janeiro no Teatro Santander, em S\u00e3o Paulo e traz de volta os personagens da novela e dos filmes.\" \/>\n<meta name=\"robots\" content=\"index, follow, max-snippet:-1, max-image-preview:large, max-video-preview:-1\" \/>\n<link rel=\"canonical\" href=\"https:\/\/central42.com.br\/novo\/carrossel-o-musical\/\" \/>\n<meta property=\"og:locale\" content=\"pt_BR\" \/>\n<meta property=\"og:type\" content=\"article\" \/>\n<meta property=\"og:title\" content=\"Carrossel, o Musical traz de volta personagens da novela\" \/>\n<meta property=\"og:description\" content=\"Carrossel, o Musical estreia dia 20 de janeiro no Teatro Santander, em S\u00e3o Paulo e traz de volta os personagens da novela e dos filmes.\" \/>\n<meta property=\"og:url\" content=\"https:\/\/central42.com.br\/novo\/carrossel-o-musical\/\" \/>\n<meta property=\"og:site_name\" content=\"Central 42\" \/>\n<meta property=\"article:publisher\" content=\"https:\/\/www.facebook.com\/Central42\" \/>\n<meta property=\"article:author\" content=\"https:\/\/www.facebook.com\/jufarina\" \/>\n<meta property=\"article:published_time\" content=\"2017-01-15T23:24:40+00:00\" \/>\n<meta property=\"og:image\" content=\"https:\/\/central42.com.br\/novo\/wp-content\/uploads\/2017\/01\/carro2.jpg\" \/>\n\t<meta property=\"og:image:width\" content=\"960\" \/>\n\t<meta property=\"og:image:height\" content=\"628\" \/>\n\t<meta property=\"og:image:type\" content=\"image\/jpeg\" \/>\n<meta name=\"author\" content=\"Juliana Farina\" \/>\n<meta name=\"twitter:label1\" content=\"Escrito por\" \/>\n\t<meta name=\"twitter:data1\" content=\"Juliana Farina\" \/>\n\t<meta name=\"twitter:label2\" content=\"Est. tempo de leitura\" \/>\n\t<meta name=\"twitter:data2\" content=\"4 minutos\" \/>\n<script type=\"application\/ld+json\" class=\"yoast-schema-graph\">{\"@context\":\"https:\/\/schema.org\",\"@graph\":[{\"@type\":\"Article\",\"@id\":\"https:\/\/central42.com.br\/novo\/carrossel-o-musical\/#article\",\"isPartOf\":{\"@id\":\"https:\/\/central42.com.br\/novo\/carrossel-o-musical\/\"},\"author\":{\"name\":\"Juliana Farina\",\"@id\":\"https:\/\/central42.com.br\/novo\/#\/schema\/person\/e5b0ade6f21dd07bf86e4f130b38a130\"},\"headline\":\"Carrossel, o Musical traz de volta personagens da novela\",\"datePublished\":\"2017-01-15T23:24:40+00:00\",\"mainEntityOfPage\":{\"@id\":\"https:\/\/central42.com.br\/novo\/carrossel-o-musical\/\"},\"wordCount\":864,\"commentCount\":0,\"image\":{\"@id\":\"https:\/\/central42.com.br\/novo\/carrossel-o-musical\/#primaryimage\"},\"thumbnailUrl\":\"https:\/\/central42.com.br\/novo\/wp-content\/uploads\/2017\/01\/carro2.jpg\",\"keywords\":[\"Carrossel\",\"Chris Couto\",\"cinema\",\"filme\",\"M\u00e1rcia de Oliveira\",\"musical Carrossel\",\"novela\",\"O musical\",\"professora Helena\",\"Rosane Mulholland\",\"Teatro\"],\"articleSection\":[\"V\u00e1 ao Teatro\"],\"inLanguage\":\"pt-BR\",\"potentialAction\":[{\"@type\":\"CommentAction\",\"name\":\"Comment\",\"target\":[\"https:\/\/central42.com.br\/novo\/carrossel-o-musical\/#respond\"]}]},{\"@type\":\"WebPage\",\"@id\":\"https:\/\/central42.com.br\/novo\/carrossel-o-musical\/\",\"url\":\"https:\/\/central42.com.br\/novo\/carrossel-o-musical\/\",\"name\":\"Carrossel, o Musical traz de volta personagens da novela\",\"isPartOf\":{\"@id\":\"https:\/\/central42.com.br\/novo\/#website\"},\"primaryImageOfPage\":{\"@id\":\"https:\/\/central42.com.br\/novo\/carrossel-o-musical\/#primaryimage\"},\"image\":{\"@id\":\"https:\/\/central42.com.br\/novo\/carrossel-o-musical\/#primaryimage\"},\"thumbnailUrl\":\"https:\/\/central42.com.br\/novo\/wp-content\/uploads\/2017\/01\/carro2.jpg\",\"datePublished\":\"2017-01-15T23:24:40+00:00\",\"author\":{\"@id\":\"https:\/\/central42.com.br\/novo\/#\/schema\/person\/e5b0ade6f21dd07bf86e4f130b38a130\"},\"description\":\"Carrossel, o Musical estreia dia 20 de janeiro no Teatro Santander, em S\u00e3o Paulo e traz de volta os personagens da novela e dos filmes.\",\"breadcrumb\":{\"@id\":\"https:\/\/central42.com.br\/novo\/carrossel-o-musical\/#breadcrumb\"},\"inLanguage\":\"pt-BR\",\"potentialAction\":[{\"@type\":\"ReadAction\",\"target\":[\"https:\/\/central42.com.br\/novo\/carrossel-o-musical\/\"]}]},{\"@type\":\"ImageObject\",\"inLanguage\":\"pt-BR\",\"@id\":\"https:\/\/central42.com.br\/novo\/carrossel-o-musical\/#primaryimage\",\"url\":\"https:\/\/central42.com.br\/novo\/wp-content\/uploads\/2017\/01\/carro2.jpg\",\"contentUrl\":\"https:\/\/central42.com.br\/novo\/wp-content\/uploads\/2017\/01\/carro2.jpg\",\"width\":960,\"height\":628},{\"@type\":\"BreadcrumbList\",\"@id\":\"https:\/\/central42.com.br\/novo\/carrossel-o-musical\/#breadcrumb\",\"itemListElement\":[{\"@type\":\"ListItem\",\"position\":1,\"name\":\"In\u00edcio\",\"item\":\"https:\/\/central42.com.br\/novo\/\"},{\"@type\":\"ListItem\",\"position\":2,\"name\":\"Carrossel, o Musical traz de volta personagens da novela\"}]},{\"@type\":\"WebSite\",\"@id\":\"https:\/\/central42.com.br\/novo\/#website\",\"url\":\"https:\/\/central42.com.br\/novo\/\",\"name\":\"Central 42\",\"description\":\"Cultura e entretenimento em um \u00fanico lugar\",\"potentialAction\":[{\"@type\":\"SearchAction\",\"target\":{\"@type\":\"EntryPoint\",\"urlTemplate\":\"https:\/\/central42.com.br\/novo\/?s={search_term_string}\"},\"query-input\":{\"@type\":\"PropertyValueSpecification\",\"valueRequired\":true,\"valueName\":\"search_term_string\"}}],\"inLanguage\":\"pt-BR\"},{\"@type\":\"Person\",\"@id\":\"https:\/\/central42.com.br\/novo\/#\/schema\/person\/e5b0ade6f21dd07bf86e4f130b38a130\",\"name\":\"Juliana Farina\",\"image\":{\"@type\":\"ImageObject\",\"inLanguage\":\"pt-BR\",\"@id\":\"https:\/\/secure.gravatar.com\/avatar\/97890f359c4962027ab417212b101d55a0cc464f9aa98eed547f1f33d07c36ee?s=96&d=wavatar&r=g\",\"url\":\"https:\/\/secure.gravatar.com\/avatar\/97890f359c4962027ab417212b101d55a0cc464f9aa98eed547f1f33d07c36ee?s=96&d=wavatar&r=g\",\"contentUrl\":\"https:\/\/secure.gravatar.com\/avatar\/97890f359c4962027ab417212b101d55a0cc464f9aa98eed547f1f33d07c36ee?s=96&d=wavatar&r=g\",\"caption\":\"Juliana Farina\"},\"description\":\"Eterna Social Media, sempre conectada. Apaixonada pela natureza, ama os animais, vegan, bailarina, Naturopata e curiosa.\",\"sameAs\":[\"https:\/\/www.facebook.com\/jufarina\",\"https:\/\/x.com\/JuFarina\"],\"url\":\"https:\/\/central42.com.br\/novo\/author\/julianahbf\/\"}]}<\/script>\n<!-- \/ Yoast SEO plugin. -->","yoast_head_json":{"title":"Carrossel, o Musical traz de volta personagens da novela","description":"Carrossel, o Musical estreia dia 20 de janeiro no Teatro Santander, em S\u00e3o Paulo e traz de volta os personagens da novela e dos filmes.","robots":{"index":"index","follow":"follow","max-snippet":"max-snippet:-1","max-image-preview":"max-image-preview:large","max-video-preview":"max-video-preview:-1"},"canonical":"https:\/\/central42.com.br\/novo\/carrossel-o-musical\/","og_locale":"pt_BR","og_type":"article","og_title":"Carrossel, o Musical traz de volta personagens da novela","og_description":"Carrossel, o Musical estreia dia 20 de janeiro no Teatro Santander, em S\u00e3o Paulo e traz de volta os personagens da novela e dos filmes.","og_url":"https:\/\/central42.com.br\/novo\/carrossel-o-musical\/","og_site_name":"Central 42","article_publisher":"https:\/\/www.facebook.com\/Central42","article_author":"https:\/\/www.facebook.com\/jufarina","article_published_time":"2017-01-15T23:24:40+00:00","og_image":[{"width":960,"height":628,"url":"https:\/\/central42.com.br\/novo\/wp-content\/uploads\/2017\/01\/carro2.jpg","type":"image\/jpeg"}],"author":"Juliana Farina","twitter_misc":{"Escrito por":"Juliana Farina","Est. tempo de leitura":"4 minutos"},"schema":{"@context":"https:\/\/schema.org","@graph":[{"@type":"Article","@id":"https:\/\/central42.com.br\/novo\/carrossel-o-musical\/#article","isPartOf":{"@id":"https:\/\/central42.com.br\/novo\/carrossel-o-musical\/"},"author":{"name":"Juliana Farina","@id":"https:\/\/central42.com.br\/novo\/#\/schema\/person\/e5b0ade6f21dd07bf86e4f130b38a130"},"headline":"Carrossel, o Musical traz de volta personagens da novela","datePublished":"2017-01-15T23:24:40+00:00","mainEntityOfPage":{"@id":"https:\/\/central42.com.br\/novo\/carrossel-o-musical\/"},"wordCount":864,"commentCount":0,"image":{"@id":"https:\/\/central42.com.br\/novo\/carrossel-o-musical\/#primaryimage"},"thumbnailUrl":"https:\/\/central42.com.br\/novo\/wp-content\/uploads\/2017\/01\/carro2.jpg","keywords":["Carrossel","Chris Couto","cinema","filme","M\u00e1rcia de Oliveira","musical Carrossel","novela","O musical","professora Helena","Rosane Mulholland","Teatro"],"articleSection":["V\u00e1 ao Teatro"],"inLanguage":"pt-BR","potentialAction":[{"@type":"CommentAction","name":"Comment","target":["https:\/\/central42.com.br\/novo\/carrossel-o-musical\/#respond"]}]},{"@type":"WebPage","@id":"https:\/\/central42.com.br\/novo\/carrossel-o-musical\/","url":"https:\/\/central42.com.br\/novo\/carrossel-o-musical\/","name":"Carrossel, o Musical traz de volta personagens da novela","isPartOf":{"@id":"https:\/\/central42.com.br\/novo\/#website"},"primaryImageOfPage":{"@id":"https:\/\/central42.com.br\/novo\/carrossel-o-musical\/#primaryimage"},"image":{"@id":"https:\/\/central42.com.br\/novo\/carrossel-o-musical\/#primaryimage"},"thumbnailUrl":"https:\/\/central42.com.br\/novo\/wp-content\/uploads\/2017\/01\/carro2.jpg","datePublished":"2017-01-15T23:24:40+00:00","author":{"@id":"https:\/\/central42.com.br\/novo\/#\/schema\/person\/e5b0ade6f21dd07bf86e4f130b38a130"},"description":"Carrossel, o Musical estreia dia 20 de janeiro no Teatro Santander, em S\u00e3o Paulo e traz de volta os personagens da novela e dos filmes.","breadcrumb":{"@id":"https:\/\/central42.com.br\/novo\/carrossel-o-musical\/#breadcrumb"},"inLanguage":"pt-BR","potentialAction":[{"@type":"ReadAction","target":["https:\/\/central42.com.br\/novo\/carrossel-o-musical\/"]}]},{"@type":"ImageObject","inLanguage":"pt-BR","@id":"https:\/\/central42.com.br\/novo\/carrossel-o-musical\/#primaryimage","url":"https:\/\/central42.com.br\/novo\/wp-content\/uploads\/2017\/01\/carro2.jpg","contentUrl":"https:\/\/central42.com.br\/novo\/wp-content\/uploads\/2017\/01\/carro2.jpg","width":960,"height":628},{"@type":"BreadcrumbList","@id":"https:\/\/central42.com.br\/novo\/carrossel-o-musical\/#breadcrumb","itemListElement":[{"@type":"ListItem","position":1,"name":"In\u00edcio","item":"https:\/\/central42.com.br\/novo\/"},{"@type":"ListItem","position":2,"name":"Carrossel, o Musical traz de volta personagens da novela"}]},{"@type":"WebSite","@id":"https:\/\/central42.com.br\/novo\/#website","url":"https:\/\/central42.com.br\/novo\/","name":"Central 42","description":"Cultura e entretenimento em um \u00fanico lugar","potentialAction":[{"@type":"SearchAction","target":{"@type":"EntryPoint","urlTemplate":"https:\/\/central42.com.br\/novo\/?s={search_term_string}"},"query-input":{"@type":"PropertyValueSpecification","valueRequired":true,"valueName":"search_term_string"}}],"inLanguage":"pt-BR"},{"@type":"Person","@id":"https:\/\/central42.com.br\/novo\/#\/schema\/person\/e5b0ade6f21dd07bf86e4f130b38a130","name":"Juliana Farina","image":{"@type":"ImageObject","inLanguage":"pt-BR","@id":"https:\/\/secure.gravatar.com\/avatar\/97890f359c4962027ab417212b101d55a0cc464f9aa98eed547f1f33d07c36ee?s=96&d=wavatar&r=g","url":"https:\/\/secure.gravatar.com\/avatar\/97890f359c4962027ab417212b101d55a0cc464f9aa98eed547f1f33d07c36ee?s=96&d=wavatar&r=g","contentUrl":"https:\/\/secure.gravatar.com\/avatar\/97890f359c4962027ab417212b101d55a0cc464f9aa98eed547f1f33d07c36ee?s=96&d=wavatar&r=g","caption":"Juliana Farina"},"description":"Eterna Social Media, sempre conectada. Apaixonada pela natureza, ama os animais, vegan, bailarina, Naturopata e curiosa.","sameAs":["https:\/\/www.facebook.com\/jufarina","https:\/\/x.com\/JuFarina"],"url":"https:\/\/central42.com.br\/novo\/author\/julianahbf\/"}]}},"_links":{"self":[{"href":"https:\/\/central42.com.br\/novo\/wp-json\/wp\/v2\/posts\/21065","targetHints":{"allow":["GET"]}}],"collection":[{"href":"https:\/\/central42.com.br\/novo\/wp-json\/wp\/v2\/posts"}],"about":[{"href":"https:\/\/central42.com.br\/novo\/wp-json\/wp\/v2\/types\/post"}],"author":[{"embeddable":true,"href":"https:\/\/central42.com.br\/novo\/wp-json\/wp\/v2\/users\/39"}],"replies":[{"embeddable":true,"href":"https:\/\/central42.com.br\/novo\/wp-json\/wp\/v2\/comments?post=21065"}],"version-history":[{"count":6,"href":"https:\/\/central42.com.br\/novo\/wp-json\/wp\/v2\/posts\/21065\/revisions"}],"predecessor-version":[{"id":21119,"href":"https:\/\/central42.com.br\/novo\/wp-json\/wp\/v2\/posts\/21065\/revisions\/21119"}],"wp:featuredmedia":[{"embeddable":true,"href":"https:\/\/central42.com.br\/novo\/wp-json\/wp\/v2\/media\/21070"}],"wp:attachment":[{"href":"https:\/\/central42.com.br\/novo\/wp-json\/wp\/v2\/media?parent=21065"}],"wp:term":[{"taxonomy":"category","embeddable":true,"href":"https:\/\/central42.com.br\/novo\/wp-json\/wp\/v2\/categories?post=21065"},{"taxonomy":"post_tag","embeddable":true,"href":"https:\/\/central42.com.br\/novo\/wp-json\/wp\/v2\/tags?post=21065"}],"curies":[{"name":"wp","href":"https:\/\/api.w.org\/{rel}","templated":true}]}}