{"id":12317,"date":"2014-07-16T15:38:21","date_gmt":"2014-07-16T18:38:21","guid":{"rendered":"http:\/\/central42.com.br\/?p=12317"},"modified":"2014-11-09T23:02:20","modified_gmt":"2014-11-10T02:02:20","slug":"nao-perca-a-peca-comi-uma-galinha-e-to-pagando-o-pato","status":"publish","type":"post","link":"https:\/\/central42.com.br\/novo\/nao-perca-a-peca-comi-uma-galinha-e-to-pagando-o-pato\/","title":{"rendered":"N\u00e3o perca a pe\u00e7a &#8220;Comi uma galinha e t\u00f4 pagando o pato&#8221;"},"content":{"rendered":"<!-- Start Audima Widget Injection -->\n<div id=\"audimaWidget\"><\/div>\n<script src=\"https:\/\/audio.audima.co\/audima-widget.js\"><\/script>\n<!-- End Audima Widget Injection -->\n<p><a href=\"http:\/\/central42.com.br\/wp-content\/uploads\/2014\/07\/comiumagalinha.jpg\"><img decoding=\"async\" class=\"alignleft  wp-image-12319\" src=\"http:\/\/central42.com.br\/wp-content\/uploads\/2014\/07\/comiumagalinha-254x300.jpg\" alt=\"\" width=\"167\" height=\"198\" \/><\/a>No palco, Carlos Nunes interpreta o presidi\u00e1rio Z\u00e9 Ant\u00f4nio, narrando, com muito humor e pitadas de ironia, como foi parar na pris\u00e3o ap\u00f3s roubar a galinha de estima\u00e7\u00e3o da filha de um deputado. Na narrativa, por causa do ocorrido, o deputado entra com Projeto de Lei em Bras\u00edlia para transformar a galinha em animal sagrado no Brasil assim como a vaca \u00e9 na \u00cdndia.<\/p>\n<p>O humilde desempregado, que foi criado obedecendo \u00e0s leis divinas e que aprendeu com a m\u00e3e que \u201ca induca\u00e7\u00e3o, a honestidade e a personalidade vem do ber\u00e7o\u201d, fica sem entender porque um crime t\u00e3o simples, cometido apenas para livrar a fam\u00edlia da fome, o deixou tanto tempo atr\u00e1s das grades.<\/p>\n<p><a href=\"http:\/\/central42.com.br\/wp-content\/uploads\/2014\/07\/foto.jpg\"><img fetchpriority=\"high\" decoding=\"async\" class=\"alignleft size-medium wp-image-12325\" src=\"http:\/\/central42.com.br\/wp-content\/uploads\/2014\/07\/foto-195x300.jpg\" alt=\"\" width=\"195\" height=\"300\" \/><\/a>Enquanto vive o medo de ter o Projeto de Lei aprovado, ele divaga, com seu advogado, sobre crimes t\u00e3o mais s\u00e9rios que ficam impunes e situa\u00e7\u00f5es reais que mereciam mais aten\u00e7\u00e3o como: a pobreza \u201ceu moro num aglomerado t\u00e3o carente que eles est\u00e3o roubando at\u00e9 curativo de machucado\u201d; as falhas na educa\u00e7\u00e3o; o descaso com a sa\u00fade \u201co Minist\u00e9rio da Sa\u00fade j\u00e1 est\u00e1 advertindo: ficar doente \u00e9 prejudicial \u00e0 sa\u00fade\u201d; o sal\u00e1rio dos aposentados; a atua\u00e7\u00e3o da pol\u00edcia; a impunidade e liberdade parlamentar; os direitos garantidos a todo cidad\u00e3o pela Constitui\u00e7\u00e3o Brasileira; e outros temas que, al\u00e9m de atuais, s\u00e3o citados com muita propriedade e irrever\u00eancia.<\/p>\n<p>Carlos Nunes apresenta uma narrativa pol\u00edtica com excelentes elementos de\u00a0humor. \u00c9 tragic\u00f4mico perceber que em um assunto t\u00e3o s\u00e9rio quanto os\u00a0problemas do Brasil, podemos rir percebendo\u00a0quanto s\u00e3o os absurdos que temos que &#8220;engolir&#8221; a cada dia. \u00c9 quase um mon\u00f3logo, uma performance que Carlos Nunes leva com maestria uma com\u00e9dia com um tema t\u00e3o amargo para n\u00f3s brasileiros.<\/p>\n<p><strong><span style=\"color: black;\">Comi uma galinha e t\u00f4 pagando o pato<\/span><\/strong><\/p>\n<address>Elenco: Carlos Nunes e Andr\u00e9 Maur\u00edcio<\/address>\n<address>Texto: Carlos Nunes e Nazir Malaheb<\/address>\n<address>Dire\u00e7\u00e3o: Fernando Couto<\/address>\n<address>Cen\u00e1rio e ilumina\u00e7\u00e3o: Yuri Simon e Heleno Policeno<\/address>\n<address>Produ\u00e7\u00e3o Executiva: Copas Produ\u00e7\u00f5es Art\u00edsticas<\/address>\n<address>Trilha sonora original: Marcelo Jiran<\/address>\n<address>Assessoria de Imprensa: Valle da M\u00eddia<\/address>\n<address>CLASSIFICA\u00c7\u00c3O: 14 anos | DURA\u00c7\u00c3O: 80 Minutos<\/address>\n<p>&nbsp;<\/p>\n<p><em><strong>Servi\u00e7o<\/strong><\/em><\/p>\n<address>Teatro Bibi Ferreira\u00a0<\/address>\n<address>Av. Brig. Luis Ant\u00f4nio, 931 | Bela Vista &#8211; S\u00e3o Paulo<\/address>\n<address>Temporada: At\u00e9\u00a027\/07\/2014<\/address>\n<address>Sexta e s\u00e1bado, 21h; domingo, 19h.<\/address>\n<address>Ingressos nas bilheterias do teatro &#8211; R$40 (inteira) | R$20 (Meia)<\/address>\n<p>&nbsp;<\/p>\n<p>&nbsp;<\/p>\n<script>console.log('Aud01');<\/script>","protected":false},"excerpt":{"rendered":"<p>No palco, Carlos Nunes interpreta o presidi\u00e1rio Z\u00e9 Ant\u00f4nio, narrando, com muito humor e pitadas de ironia, como foi parar na pris\u00e3o ap\u00f3s roubar a galinha de estima\u00e7\u00e3o da filha de um deputado. Na narrativa, por causa do ocorrido, o deputado entra com Projeto de Lei em Bras\u00edlia para transformar a galinha em animal sagrado<\/p>\n","protected":false},"author":3,"featured_media":0,"comment_status":"open","ping_status":"open","sticky":false,"template":"","format":"standard","meta":{"_monsterinsights_skip_tracking":false,"_monsterinsights_sitenote_active":false,"_monsterinsights_sitenote_note":"","_monsterinsights_sitenote_category":0,"footnotes":""},"categories":[2588],"tags":[569,635,2049],"class_list":{"0":"post-12317","1":"post","2":"type-post","3":"status-publish","4":"format-standard","6":"category-va-ao-teatro","7":"tag-critica","8":"tag-destaque","9":"tag-teatro"},"yoast_head":"<!-- This site is optimized with the Yoast SEO plugin v27.2 - https:\/\/yoast.com\/product\/yoast-seo-wordpress\/ -->\n<title>N\u00e3o perca a pe\u00e7a &quot;Comi uma galinha e t\u00f4 pagando o pato&quot;<\/title>\n<meta name=\"robots\" content=\"index, follow, max-snippet:-1, max-image-preview:large, max-video-preview:-1\" \/>\n<link rel=\"canonical\" href=\"https:\/\/central42.com.br\/novo\/nao-perca-a-peca-comi-uma-galinha-e-to-pagando-o-pato\/\" \/>\n<meta property=\"og:locale\" content=\"pt_BR\" \/>\n<meta property=\"og:type\" content=\"article\" \/>\n<meta property=\"og:title\" content=\"N\u00e3o perca a pe\u00e7a &quot;Comi uma galinha e t\u00f4 pagando o pato&quot;\" \/>\n<meta property=\"og:description\" content=\"No palco, Carlos Nunes interpreta o presidi\u00e1rio Z\u00e9 Ant\u00f4nio, narrando, com muito humor e pitadas de ironia, como foi parar na pris\u00e3o ap\u00f3s roubar a galinha de estima\u00e7\u00e3o da filha de um deputado. Na narrativa, por causa do ocorrido, o deputado entra com Projeto de Lei em Bras\u00edlia para transformar a galinha em animal sagrado\" \/>\n<meta property=\"og:url\" content=\"https:\/\/central42.com.br\/novo\/nao-perca-a-peca-comi-uma-galinha-e-to-pagando-o-pato\/\" \/>\n<meta property=\"og:site_name\" content=\"Central 42\" \/>\n<meta property=\"article:publisher\" content=\"https:\/\/www.facebook.com\/Central42\" \/>\n<meta property=\"article:author\" content=\"https:\/\/www.facebook.com\/sorcerus\" \/>\n<meta property=\"article:published_time\" content=\"2014-07-16T18:38:21+00:00\" \/>\n<meta property=\"article:modified_time\" content=\"2014-11-10T02:02:20+00:00\" \/>\n<meta property=\"og:image\" content=\"http:\/\/central42.com.br\/wp-content\/uploads\/2014\/07\/comiumagalinha-254x300.jpg\" \/>\n<meta name=\"author\" content=\"Emerson Lara\" \/>\n<meta name=\"twitter:label1\" content=\"Escrito por\" \/>\n\t<meta name=\"twitter:data1\" content=\"Emerson Lara\" \/>\n\t<meta name=\"twitter:label2\" content=\"Est. tempo de leitura\" \/>\n\t<meta name=\"twitter:data2\" content=\"2 minutos\" \/>\n<script type=\"application\/ld+json\" class=\"yoast-schema-graph\">{\"@context\":\"https:\/\/schema.org\",\"@graph\":[{\"@type\":\"Article\",\"@id\":\"https:\/\/central42.com.br\/novo\/nao-perca-a-peca-comi-uma-galinha-e-to-pagando-o-pato\/#article\",\"isPartOf\":{\"@id\":\"https:\/\/central42.com.br\/novo\/nao-perca-a-peca-comi-uma-galinha-e-to-pagando-o-pato\/\"},\"author\":{\"name\":\"Emerson Lara\",\"@id\":\"https:\/\/central42.com.br\/novo\/#\/schema\/person\/2ee9836481cf385947c70e417b589d58\"},\"headline\":\"N\u00e3o perca a pe\u00e7a &#8220;Comi uma galinha e t\u00f4 pagando o pato&#8221;\",\"datePublished\":\"2014-07-16T18:38:21+00:00\",\"dateModified\":\"2014-11-10T02:02:20+00:00\",\"mainEntityOfPage\":{\"@id\":\"https:\/\/central42.com.br\/novo\/nao-perca-a-peca-comi-uma-galinha-e-to-pagando-o-pato\/\"},\"wordCount\":429,\"commentCount\":0,\"image\":{\"@id\":\"https:\/\/central42.com.br\/novo\/nao-perca-a-peca-comi-uma-galinha-e-to-pagando-o-pato\/#primaryimage\"},\"thumbnailUrl\":\"http:\/\/central42.com.br\/wp-content\/uploads\/2014\/07\/comiumagalinha-254x300.jpg\",\"keywords\":[\"Cr\u00edtica\",\"destaque\",\"Teatro\"],\"articleSection\":[\"V\u00e1 ao Teatro\"],\"inLanguage\":\"pt-BR\",\"potentialAction\":[{\"@type\":\"CommentAction\",\"name\":\"Comment\",\"target\":[\"https:\/\/central42.com.br\/novo\/nao-perca-a-peca-comi-uma-galinha-e-to-pagando-o-pato\/#respond\"]}]},{\"@type\":\"WebPage\",\"@id\":\"https:\/\/central42.com.br\/novo\/nao-perca-a-peca-comi-uma-galinha-e-to-pagando-o-pato\/\",\"url\":\"https:\/\/central42.com.br\/novo\/nao-perca-a-peca-comi-uma-galinha-e-to-pagando-o-pato\/\",\"name\":\"N\u00e3o perca a pe\u00e7a \\\"Comi uma galinha e t\u00f4 pagando o pato\\\"\",\"isPartOf\":{\"@id\":\"https:\/\/central42.com.br\/novo\/#website\"},\"primaryImageOfPage\":{\"@id\":\"https:\/\/central42.com.br\/novo\/nao-perca-a-peca-comi-uma-galinha-e-to-pagando-o-pato\/#primaryimage\"},\"image\":{\"@id\":\"https:\/\/central42.com.br\/novo\/nao-perca-a-peca-comi-uma-galinha-e-to-pagando-o-pato\/#primaryimage\"},\"thumbnailUrl\":\"http:\/\/central42.com.br\/wp-content\/uploads\/2014\/07\/comiumagalinha-254x300.jpg\",\"datePublished\":\"2014-07-16T18:38:21+00:00\",\"dateModified\":\"2014-11-10T02:02:20+00:00\",\"author\":{\"@id\":\"https:\/\/central42.com.br\/novo\/#\/schema\/person\/2ee9836481cf385947c70e417b589d58\"},\"breadcrumb\":{\"@id\":\"https:\/\/central42.com.br\/novo\/nao-perca-a-peca-comi-uma-galinha-e-to-pagando-o-pato\/#breadcrumb\"},\"inLanguage\":\"pt-BR\",\"potentialAction\":[{\"@type\":\"ReadAction\",\"target\":[\"https:\/\/central42.com.br\/novo\/nao-perca-a-peca-comi-uma-galinha-e-to-pagando-o-pato\/\"]}]},{\"@type\":\"ImageObject\",\"inLanguage\":\"pt-BR\",\"@id\":\"https:\/\/central42.com.br\/novo\/nao-perca-a-peca-comi-uma-galinha-e-to-pagando-o-pato\/#primaryimage\",\"url\":\"http:\/\/central42.com.br\/wp-content\/uploads\/2014\/07\/comiumagalinha-254x300.jpg\",\"contentUrl\":\"http:\/\/central42.com.br\/wp-content\/uploads\/2014\/07\/comiumagalinha-254x300.jpg\"},{\"@type\":\"BreadcrumbList\",\"@id\":\"https:\/\/central42.com.br\/novo\/nao-perca-a-peca-comi-uma-galinha-e-to-pagando-o-pato\/#breadcrumb\",\"itemListElement\":[{\"@type\":\"ListItem\",\"position\":1,\"name\":\"In\u00edcio\",\"item\":\"https:\/\/central42.com.br\/novo\/\"},{\"@type\":\"ListItem\",\"position\":2,\"name\":\"N\u00e3o perca a pe\u00e7a &#8220;Comi uma galinha e t\u00f4 pagando o pato&#8221;\"}]},{\"@type\":\"WebSite\",\"@id\":\"https:\/\/central42.com.br\/novo\/#website\",\"url\":\"https:\/\/central42.com.br\/novo\/\",\"name\":\"Central 42\",\"description\":\"Cultura e entretenimento em um \u00fanico lugar\",\"potentialAction\":[{\"@type\":\"SearchAction\",\"target\":{\"@type\":\"EntryPoint\",\"urlTemplate\":\"https:\/\/central42.com.br\/novo\/?s={search_term_string}\"},\"query-input\":{\"@type\":\"PropertyValueSpecification\",\"valueRequired\":true,\"valueName\":\"search_term_string\"}}],\"inLanguage\":\"pt-BR\"},{\"@type\":\"Person\",\"@id\":\"https:\/\/central42.com.br\/novo\/#\/schema\/person\/2ee9836481cf385947c70e417b589d58\",\"name\":\"Emerson Lara\",\"image\":{\"@type\":\"ImageObject\",\"inLanguage\":\"pt-BR\",\"@id\":\"https:\/\/secure.gravatar.com\/avatar\/205a8089531dd35cb05ddb115801a9097f6f42849a8e8ece8a162cdff480daf8?s=96&d=wavatar&r=g\",\"url\":\"https:\/\/secure.gravatar.com\/avatar\/205a8089531dd35cb05ddb115801a9097f6f42849a8e8ece8a162cdff480daf8?s=96&d=wavatar&r=g\",\"contentUrl\":\"https:\/\/secure.gravatar.com\/avatar\/205a8089531dd35cb05ddb115801a9097f6f42849a8e8ece8a162cdff480daf8?s=96&d=wavatar&r=g\",\"caption\":\"Emerson Lara\"},\"description\":\"Amante de filmes, s\u00e9ries, quadrinhos, action figures. Fundador e Editor chefe do Central 42.\",\"sameAs\":[\"http:\/\/central42.com.br\/\",\"https:\/\/www.facebook.com\/sorcerus\",\"http:\/\/instagram.com\/central42sp\",\"http:\/\/YouTube.com\/centra42tube\"],\"url\":\"https:\/\/central42.com.br\/novo\/author\/sorcerus\/\"}]}<\/script>\n<!-- \/ Yoast SEO plugin. -->","yoast_head_json":{"title":"N\u00e3o perca a pe\u00e7a \"Comi uma galinha e t\u00f4 pagando o pato\"","robots":{"index":"index","follow":"follow","max-snippet":"max-snippet:-1","max-image-preview":"max-image-preview:large","max-video-preview":"max-video-preview:-1"},"canonical":"https:\/\/central42.com.br\/novo\/nao-perca-a-peca-comi-uma-galinha-e-to-pagando-o-pato\/","og_locale":"pt_BR","og_type":"article","og_title":"N\u00e3o perca a pe\u00e7a \"Comi uma galinha e t\u00f4 pagando o pato\"","og_description":"No palco, Carlos Nunes interpreta o presidi\u00e1rio Z\u00e9 Ant\u00f4nio, narrando, com muito humor e pitadas de ironia, como foi parar na pris\u00e3o ap\u00f3s roubar a galinha de estima\u00e7\u00e3o da filha de um deputado. Na narrativa, por causa do ocorrido, o deputado entra com Projeto de Lei em Bras\u00edlia para transformar a galinha em animal sagrado","og_url":"https:\/\/central42.com.br\/novo\/nao-perca-a-peca-comi-uma-galinha-e-to-pagando-o-pato\/","og_site_name":"Central 42","article_publisher":"https:\/\/www.facebook.com\/Central42","article_author":"https:\/\/www.facebook.com\/sorcerus","article_published_time":"2014-07-16T18:38:21+00:00","article_modified_time":"2014-11-10T02:02:20+00:00","og_image":[{"url":"http:\/\/central42.com.br\/wp-content\/uploads\/2014\/07\/comiumagalinha-254x300.jpg","type":"","width":"","height":""}],"author":"Emerson Lara","twitter_misc":{"Escrito por":"Emerson Lara","Est. tempo de leitura":"2 minutos"},"schema":{"@context":"https:\/\/schema.org","@graph":[{"@type":"Article","@id":"https:\/\/central42.com.br\/novo\/nao-perca-a-peca-comi-uma-galinha-e-to-pagando-o-pato\/#article","isPartOf":{"@id":"https:\/\/central42.com.br\/novo\/nao-perca-a-peca-comi-uma-galinha-e-to-pagando-o-pato\/"},"author":{"name":"Emerson Lara","@id":"https:\/\/central42.com.br\/novo\/#\/schema\/person\/2ee9836481cf385947c70e417b589d58"},"headline":"N\u00e3o perca a pe\u00e7a &#8220;Comi uma galinha e t\u00f4 pagando o pato&#8221;","datePublished":"2014-07-16T18:38:21+00:00","dateModified":"2014-11-10T02:02:20+00:00","mainEntityOfPage":{"@id":"https:\/\/central42.com.br\/novo\/nao-perca-a-peca-comi-uma-galinha-e-to-pagando-o-pato\/"},"wordCount":429,"commentCount":0,"image":{"@id":"https:\/\/central42.com.br\/novo\/nao-perca-a-peca-comi-uma-galinha-e-to-pagando-o-pato\/#primaryimage"},"thumbnailUrl":"http:\/\/central42.com.br\/wp-content\/uploads\/2014\/07\/comiumagalinha-254x300.jpg","keywords":["Cr\u00edtica","destaque","Teatro"],"articleSection":["V\u00e1 ao Teatro"],"inLanguage":"pt-BR","potentialAction":[{"@type":"CommentAction","name":"Comment","target":["https:\/\/central42.com.br\/novo\/nao-perca-a-peca-comi-uma-galinha-e-to-pagando-o-pato\/#respond"]}]},{"@type":"WebPage","@id":"https:\/\/central42.com.br\/novo\/nao-perca-a-peca-comi-uma-galinha-e-to-pagando-o-pato\/","url":"https:\/\/central42.com.br\/novo\/nao-perca-a-peca-comi-uma-galinha-e-to-pagando-o-pato\/","name":"N\u00e3o perca a pe\u00e7a \"Comi uma galinha e t\u00f4 pagando o pato\"","isPartOf":{"@id":"https:\/\/central42.com.br\/novo\/#website"},"primaryImageOfPage":{"@id":"https:\/\/central42.com.br\/novo\/nao-perca-a-peca-comi-uma-galinha-e-to-pagando-o-pato\/#primaryimage"},"image":{"@id":"https:\/\/central42.com.br\/novo\/nao-perca-a-peca-comi-uma-galinha-e-to-pagando-o-pato\/#primaryimage"},"thumbnailUrl":"http:\/\/central42.com.br\/wp-content\/uploads\/2014\/07\/comiumagalinha-254x300.jpg","datePublished":"2014-07-16T18:38:21+00:00","dateModified":"2014-11-10T02:02:20+00:00","author":{"@id":"https:\/\/central42.com.br\/novo\/#\/schema\/person\/2ee9836481cf385947c70e417b589d58"},"breadcrumb":{"@id":"https:\/\/central42.com.br\/novo\/nao-perca-a-peca-comi-uma-galinha-e-to-pagando-o-pato\/#breadcrumb"},"inLanguage":"pt-BR","potentialAction":[{"@type":"ReadAction","target":["https:\/\/central42.com.br\/novo\/nao-perca-a-peca-comi-uma-galinha-e-to-pagando-o-pato\/"]}]},{"@type":"ImageObject","inLanguage":"pt-BR","@id":"https:\/\/central42.com.br\/novo\/nao-perca-a-peca-comi-uma-galinha-e-to-pagando-o-pato\/#primaryimage","url":"http:\/\/central42.com.br\/wp-content\/uploads\/2014\/07\/comiumagalinha-254x300.jpg","contentUrl":"http:\/\/central42.com.br\/wp-content\/uploads\/2014\/07\/comiumagalinha-254x300.jpg"},{"@type":"BreadcrumbList","@id":"https:\/\/central42.com.br\/novo\/nao-perca-a-peca-comi-uma-galinha-e-to-pagando-o-pato\/#breadcrumb","itemListElement":[{"@type":"ListItem","position":1,"name":"In\u00edcio","item":"https:\/\/central42.com.br\/novo\/"},{"@type":"ListItem","position":2,"name":"N\u00e3o perca a pe\u00e7a &#8220;Comi uma galinha e t\u00f4 pagando o pato&#8221;"}]},{"@type":"WebSite","@id":"https:\/\/central42.com.br\/novo\/#website","url":"https:\/\/central42.com.br\/novo\/","name":"Central 42","description":"Cultura e entretenimento em um \u00fanico lugar","potentialAction":[{"@type":"SearchAction","target":{"@type":"EntryPoint","urlTemplate":"https:\/\/central42.com.br\/novo\/?s={search_term_string}"},"query-input":{"@type":"PropertyValueSpecification","valueRequired":true,"valueName":"search_term_string"}}],"inLanguage":"pt-BR"},{"@type":"Person","@id":"https:\/\/central42.com.br\/novo\/#\/schema\/person\/2ee9836481cf385947c70e417b589d58","name":"Emerson Lara","image":{"@type":"ImageObject","inLanguage":"pt-BR","@id":"https:\/\/secure.gravatar.com\/avatar\/205a8089531dd35cb05ddb115801a9097f6f42849a8e8ece8a162cdff480daf8?s=96&d=wavatar&r=g","url":"https:\/\/secure.gravatar.com\/avatar\/205a8089531dd35cb05ddb115801a9097f6f42849a8e8ece8a162cdff480daf8?s=96&d=wavatar&r=g","contentUrl":"https:\/\/secure.gravatar.com\/avatar\/205a8089531dd35cb05ddb115801a9097f6f42849a8e8ece8a162cdff480daf8?s=96&d=wavatar&r=g","caption":"Emerson Lara"},"description":"Amante de filmes, s\u00e9ries, quadrinhos, action figures. Fundador e Editor chefe do Central 42.","sameAs":["http:\/\/central42.com.br\/","https:\/\/www.facebook.com\/sorcerus","http:\/\/instagram.com\/central42sp","http:\/\/YouTube.com\/centra42tube"],"url":"https:\/\/central42.com.br\/novo\/author\/sorcerus\/"}]}},"_links":{"self":[{"href":"https:\/\/central42.com.br\/novo\/wp-json\/wp\/v2\/posts\/12317","targetHints":{"allow":["GET"]}}],"collection":[{"href":"https:\/\/central42.com.br\/novo\/wp-json\/wp\/v2\/posts"}],"about":[{"href":"https:\/\/central42.com.br\/novo\/wp-json\/wp\/v2\/types\/post"}],"author":[{"embeddable":true,"href":"https:\/\/central42.com.br\/novo\/wp-json\/wp\/v2\/users\/3"}],"replies":[{"embeddable":true,"href":"https:\/\/central42.com.br\/novo\/wp-json\/wp\/v2\/comments?post=12317"}],"version-history":[{"count":0,"href":"https:\/\/central42.com.br\/novo\/wp-json\/wp\/v2\/posts\/12317\/revisions"}],"wp:attachment":[{"href":"https:\/\/central42.com.br\/novo\/wp-json\/wp\/v2\/media?parent=12317"}],"wp:term":[{"taxonomy":"category","embeddable":true,"href":"https:\/\/central42.com.br\/novo\/wp-json\/wp\/v2\/categories?post=12317"},{"taxonomy":"post_tag","embeddable":true,"href":"https:\/\/central42.com.br\/novo\/wp-json\/wp\/v2\/tags?post=12317"}],"curies":[{"name":"wp","href":"https:\/\/api.w.org\/{rel}","templated":true}]}}