{"id":12189,"date":"2014-07-17T15:15:10","date_gmt":"2014-07-17T18:15:10","guid":{"rendered":"http:\/\/central42.com.br\/?p=12189"},"modified":"2014-08-08T03:06:15","modified_gmt":"2014-08-08T03:06:15","slug":"dolan-o-cineasta-prodigio","status":"publish","type":"post","link":"https:\/\/central42.com.br\/novo\/dolan-o-cineasta-prodigio\/","title":{"rendered":"Dolan: O Cineasta Prod\u00edgio"},"content":{"rendered":"<!-- Start Audima Widget Injection -->\n<div id=\"audimaWidget\"><\/div>\n<script src=\"https:\/\/audio.audima.co\/audima-widget.js\"><\/script>\n<!-- End Audima Widget Injection -->\n<p><a href=\"http:\/\/central42.com.br\/wp-content\/uploads\/2014\/07\/imagem-170.jpg\"><img fetchpriority=\"high\" decoding=\"async\" class=\"alignleft  wp-image-12344\" src=\"http:\/\/central42.com.br\/wp-content\/uploads\/2014\/07\/imagem-170-200x300.jpg\" alt=\"\" width=\"184\" height=\"277\" \/><\/a>N\u00e3o sei se j\u00e1 comentei com voc\u00eas sobre meu atual v\u00edcio em filmes franceses. Devido a aus\u00eancia, acredito que n\u00e3o. Pois bem. Agora sabem que estou numa deliciosa fase de ver filmes franceses. Ali\u00e1s, n\u00e3o sei se isso um dia ir\u00e1 acabar. Espero que n\u00e3o.<\/p>\n<p>Nessa minha incessante busca por indica\u00e7\u00f5es e listas de bons filmes, acabei me deparando com um sujeitinho fofo, misterioso e bastante talentoso (esse carinha a\u00ed da foto). Fiquei t\u00e3o apaixonada por seu jeitinho, que fui atr\u00e1s de mais. Acabei descobrindo coisas fant\u00e1sticas sobre ele. Como, por exemplo, o fato de ter sido premiado com o filme &#8220;J&#8217;ai tu\u00e9 ma m\u00e8re&#8221; (&#8220;Eu Matei Minha M\u00e3e&#8221;) no qual foi diretor, roteirista e protagonista. O mais genial?! Escreveu o filme aos 16 anos e atuou aos 19.<\/p>\n<p><a href=\"http:\/\/central42.com.br\/wp-content\/uploads\/2014\/07\/tumblr_mbpmsssxep1reh4jzo1_1280.png\"><img decoding=\"async\" class=\"aligncenter wp-image-12343\" src=\"http:\/\/central42.com.br\/wp-content\/uploads\/2014\/07\/tumblr_mbpmsssxep1reh4jzo1_1280-1024x561.png\" alt=\"\" width=\"560\" height=\"307\" \/><\/a><\/p>\n<p style=\"text-align: center;\">Mas&#8230; Quem \u00e9 <strong>Xavier Dolan<\/strong>?<\/p>\n<p>Xavier \u00e9 na verdade canadense, mas faz filmes franceses. Nasceu dia 20 de mar\u00e7o de 1989, e tem 25 anos. \u00c9 assumido gay e sempre aborda essa tem\u00e1tica em seus filmes. Iniciou sua carreira ainda crian\u00e7a ao atuar em comerciais.<\/p>\n<p>Ap\u00f3s essa pequena e med\u00edocre biografia (que foi o que consegui encontrar), vamos ao que interessa, os filmes! Pensei em descrev\u00ea-los na ordem em que os vi, mas isso iria ser muito confuso. Confiram!<\/p>\n<p><a href=\"http:\/\/central42.com.br\/wp-content\/uploads\/2014\/07\/hero_Xavier_Dolan.jpg\"><img decoding=\"async\" class=\"aligncenter wp-image-12342\" src=\"http:\/\/central42.com.br\/wp-content\/uploads\/2014\/07\/hero_Xavier_Dolan.jpg\" alt=\"\" width=\"560\" height=\"319\" \/><\/a><\/p>\n<p style=\"text-align: center;\"><span style=\"text-decoration: underline;\"><strong>5 Filmes indispens\u00e1veis para se conhecer Dolan:<\/strong><\/span><\/p>\n<p><em><strong>1. J&#8217;ai tu\u00e9 ma m\u00e8re (Eu Matei Minha M\u00e3e) &#8211; 2009<\/strong><\/em><\/p>\n<p><a href=\"http:\/\/central42.com.br\/wp-content\/uploads\/2014\/07\/festival-do-rio-xavier-dolan.jpg\"><img loading=\"lazy\" decoding=\"async\" class=\"aligncenter wp-image-12346\" src=\"http:\/\/central42.com.br\/wp-content\/uploads\/2014\/07\/festival-do-rio-xavier-dolan.jpg\" alt=\"\" width=\"560\" height=\"374\" \/><\/a><\/p>\n<p style=\"text-align: center;\">\u2605 \u2605 \u2605 \u2605 \u2606<\/p>\n<p>Indicado pelo Canad\u00e1 para concorrer a uma indica\u00e7\u00e3o ao Oscar 2010 na categoria Filme Estrangeiro, Eu Matei Minha M\u00e3e narra a hist\u00f3ria de Hubert (Xavier Dolan, claro), adolescente que, como qualquer outro, flutua sem cerim\u00f4nia pela fina linha que divide a mais profunda raiva da mais pura euforia, misturando sentimentos e exacerbando todos os sentidos \u00e0 en\u00e9sima pot\u00eancia, no menor prazo de tempo poss\u00edvel. Como alvo principal, Hubert elege o mais pr\u00f3ximo: sua m\u00e3e Chantale (Anne Dorval), que cria o garoto sozinha, e passa a ser ao mesmo tempo a maior v\u00edtima e a maior reposit\u00f3ria das altera\u00e7\u00f5es de humores e amores do rapaz.<\/p>\n<p><a href=\"http:\/\/central42.com.br\/wp-content\/uploads\/2014\/07\/10273513.jpeg\"><img loading=\"lazy\" decoding=\"async\" class=\"aligncenter wp-image-12341\" src=\"http:\/\/central42.com.br\/wp-content\/uploads\/2014\/07\/10273513.jpeg\" alt=\"\" width=\"560\" height=\"361\" \/><\/a><\/p>\n<address><strong><a href=\"http:\/\/central42.com.br\/wp-content\/uploads\/2014\/07\/tumblr_lb2lxeOywu1qb06g6o1_500.jpg\"><img loading=\"lazy\" decoding=\"async\" class=\"alignleft size-medium wp-image-12340\" src=\"http:\/\/central42.com.br\/wp-content\/uploads\/2014\/07\/tumblr_lb2lxeOywu1qb06g6o1_500-300x165.jpg\" alt=\"\" width=\"300\" height=\"165\" \/><\/a>G\u00eanero<\/strong>: Drama<br \/>\n<strong>Dire\u00e7\u00e3o<\/strong>: Xavier Dolan<br \/>\n<strong>Roteiro<\/strong>: Xavier Dolan<br \/>\n<strong>Elenco<\/strong>: Anne Dorval, Fran\u00e7ois Arnaud, Monique Spaziani, Niels Schneider, Patricia Tulasne, Suzanne Cl\u00e9ment, Xavier Dolan<br \/>\n<strong>Produ\u00e7\u00e3o<\/strong>: Xavier Dolan<\/address>\n<p>&nbsp;<\/p>\n<p><strong><em>2. Les Amours Imaginaires (Amores Imagin\u00e1rios) &#8211; 2010<\/em><\/strong><\/p>\n<p><a href=\"http:\/\/central42.com.br\/wp-content\/uploads\/2014\/07\/155739955_orig.jpg\"><img loading=\"lazy\" decoding=\"async\" class=\"aligncenter wp-image-12339\" src=\"http:\/\/central42.com.br\/wp-content\/uploads\/2014\/07\/155739955_orig-300x200.jpg\" alt=\"\" width=\"560\" height=\"374\" \/><\/a><\/p>\n<p style=\"text-align: center;\">\u2605 \u2605 \u2605 \u2605 \u2605<\/p>\n<p>Francis (Xavier Dolan) e Marie (Monia Chokri) s\u00e3o amigos insepar\u00e1veis. Suas vidas mudam quando conhecem Nicolas (Niels Schneider), um charmoso rapaz do interior que acaba de se mudar para Montreal. Um encontro se sucede ao outro e os tr\u00eas logo se tornam um grupo insepar\u00e1vel.<\/p>\n<p>Mas Francis e Marie, ambos apaixonados por Nicolas, desenvolvem fantasias obsessivas em torno de seu objeto de desejo comum. \u00c0 medida que atravessam as t\u00edpicas fases da paix\u00e3o, embarcam numa verdadeira disputa pela aten\u00e7\u00e3o do rapaz, comprometendo sua antiga amizade.<\/p>\n<p>Pra mim, esse filme possui alguns fatores que o tornam genial. Um deles \u00e9 a sutileza em considerar pequenos detalhes que passariam despercebidos (como o zoom numa x\u00edcara de ch\u00e1 ou um olhar do personagem), n\u00e3o sei&#8230; Creio que esse filme defina exatamente a delicadeza dos filmes franceses.<\/p>\n<p>Um segundo fator seriam as hist\u00f3rias amorosas que se entrela\u00e7am aleatoriamente com a trama. Genial! Outro fator seria o cuidado com a parte est\u00e9tica de divulga\u00e7\u00e3o da obra, como na imagem \u00e0 seguir, por exemplo, que abrange tr\u00eas tipos de capas diferentes para o filme com os tr\u00eas protagonistas.<\/p>\n<p><a href=\"http:\/\/central42.com.br\/wp-content\/uploads\/2014\/07\/imagem-79.jpg\"><img loading=\"lazy\" decoding=\"async\" class=\"aligncenter wp-image-12338\" src=\"http:\/\/central42.com.br\/wp-content\/uploads\/2014\/07\/imagem-79.jpg\" alt=\"\" width=\"560\" height=\"217\" \/><\/a><\/p>\n<address><strong><a href=\"http:\/\/central42.com.br\/wp-content\/uploads\/2014\/07\/images.jpg\"><img loading=\"lazy\" decoding=\"async\" class=\"alignleft  wp-image-12337\" src=\"http:\/\/central42.com.br\/wp-content\/uploads\/2014\/07\/images-300x161.jpg\" alt=\"\" width=\"259\" height=\"139\" \/><\/a>G\u00eanero<\/strong>: Drama<br \/>\n<strong>Dire\u00e7\u00e3o<\/strong>: Xavier Dolan<br \/>\n<strong>Roteiro<\/strong>: Xavier Dolan<br \/>\n<strong>Elenco<\/strong>: Anne Dorval, Anthony Huneault, Clara Palardy, Jody Hargreaves, Minou Petrowski, Monia Chokri, Niels Schneider, Patricia Tulasne, Perrette Souplex, Sophie Desmarais, Xavier Dolan<br \/>\n<strong>Produ\u00e7\u00e3o<\/strong>: Carole Mondello, Daniel Morin, Xavier Dolan<\/address>\n<p>&nbsp;<\/p>\n<p><em><strong>3. Laurence Anyways &#8211; 2012<\/strong><\/em><\/p>\n<p><a href=\"http:\/\/central42.com.br\/wp-content\/uploads\/2014\/07\/laurence-anyways.png\"><img loading=\"lazy\" decoding=\"async\" class=\"aligncenter wp-image-12336\" src=\"http:\/\/central42.com.br\/wp-content\/uploads\/2014\/07\/laurence-anyways-1024x765.png\" alt=\"\" width=\"560\" height=\"419\" \/><\/a><\/p>\n<p style=\"text-align: center;\">\u2605 \u2605 \u2605 \u2606 \u2606<\/p>\n<p>Nesse filme, Xavier n\u00e3o atua mas \u00e9 o respons\u00e1vel pelo roteiro e pela dire\u00e7\u00e3o. Como \u00e9 talentoso em tudo o que faz, vale \u00e0 pena assistir esse tamb\u00e9m. Garanto.<\/p>\n<p>Laurence diz para sua namorada que deseja fazer uma opera\u00e7\u00e3o para mudar de sexo e virar mulher. Juntos, eles enfrentam os riscos, os preconceitos dos amigos e da sociedade. Durante dez anos, eles vivem juntos e tentam superar as dificuldades para conseguir viver esse amor imposs\u00edvel.<\/p>\n<p><a href=\"http:\/\/central42.com.br\/wp-content\/uploads\/2014\/07\/laurence.jpg\"><img loading=\"lazy\" decoding=\"async\" class=\"aligncenter wp-image-12335\" src=\"http:\/\/central42.com.br\/wp-content\/uploads\/2014\/07\/laurence.jpg\" alt=\"\" width=\"560\" height=\"316\" \/><\/a><\/p>\n<address><strong><a href=\"http:\/\/central42.com.br\/wp-content\/uploads\/2014\/07\/still_laurence.jpg\"><img loading=\"lazy\" decoding=\"async\" class=\"alignleft  wp-image-12334\" src=\"http:\/\/central42.com.br\/wp-content\/uploads\/2014\/07\/still_laurence.jpg\" alt=\"\" width=\"278\" height=\"156\" \/><\/a>G\u00eanero<\/strong>: Drama<br \/>\n<strong>Dire\u00e7\u00e3o<\/strong>: Xavier Dolan<br \/>\n<strong>Roteiro<\/strong>: Xavier Dolan<br \/>\n<strong>Elenco<\/strong>: Catherine B\u00e9gin, David Savard, Denise Filiatrault, Emmanuel Schwartz, Gilles Renaud, Guylaine Tremblay, Jacques Lavall\u00e9e, Kevin Desmarescaux<br \/>\n<strong>Produ\u00e7\u00e3o<\/strong>: Charles Gillibert, Lyse Lafontaine, Nathana\u00ebl Karmitz<\/address>\n<p>&nbsp;<\/p>\n<p><strong><em>4.Tom \u00e0 la Ferme (Tom na Fazenda) &#8211; 2013<\/em><\/strong><\/p>\n<p><a href=\"http:\/\/central42.com.br\/wp-content\/uploads\/2014\/07\/TOM-\u00c0-LA-FERME-bandeau-Go-with-the-Blog.jpg\"><img loading=\"lazy\" decoding=\"async\" class=\"aligncenter wp-image-12347\" src=\"http:\/\/central42.com.br\/wp-content\/uploads\/2014\/07\/TOM-\u00c0-LA-FERME-bandeau-Go-with-the-Blog-1024x485.jpg\" alt=\"\" width=\"560\" height=\"265\" \/><\/a><\/p>\n<p style=\"text-align: center;\">\u2605 \u2605 \u2605 \u2606 \u2606<\/p>\n<p>Tom (Xavier Dolan), um jovem redator publicit\u00e1rio, viaja ao interior para o funeral de seu namorado, Guillaume. L\u00e1, fica chocado ao descobrir que ningu\u00e9m sabe quem ele \u00e9, nem sabe sua rela\u00e7\u00e3o com o falecido. Francis, irm\u00e3o de Guillaume e monstruoso representante do machismo rural, logo o confronta e determina as regras de um jogo doentio. Com o nome da fam\u00edlia em jogo, Tom logo se d\u00e1 conta de que ele n\u00e3o deixar\u00e1 a fazenda. Vencedor do Pr\u00eamio da Cr\u00edtica no Festival de Veneza 2013.<\/p>\n<p><a href=\"http:\/\/central42.com.br\/wp-content\/uploads\/2014\/07\/xavier-dolanM146594.jpg\"><img loading=\"lazy\" decoding=\"async\" class=\"aligncenter wp-image-12333\" src=\"http:\/\/central42.com.br\/wp-content\/uploads\/2014\/07\/xavier-dolanM146594.jpg\" alt=\"\" width=\"560\" height=\"372\" \/><\/a><\/p>\n<address><strong><a href=\"http:\/\/central42.com.br\/wp-content\/uploads\/2014\/07\/images-1.jpg\"><img loading=\"lazy\" decoding=\"async\" class=\"alignleft  wp-image-12332\" src=\"http:\/\/central42.com.br\/wp-content\/uploads\/2014\/07\/images-1.jpg\" alt=\"\" width=\"228\" height=\"151\" \/><\/a>G\u00eanero<\/strong>: Drama<br \/>\n<strong>Dire\u00e7\u00e3o<\/strong>: Xavier Dolan<br \/>\n<strong>Roteiro<\/strong>: Xavier Dolan<br \/>\n<strong>Elenco<\/strong>: Xavier Dolan, Pierre-Yves Cardinal, Lise Roy, Evelyne Brochu.<\/address>\n<p>&nbsp;<\/p>\n<p>&nbsp;<\/p>\n<p style=\"text-align: left;\"><strong><em>5. Mommy &#8211; 2014<\/em><\/strong><\/p>\n<p><a href=\"http:\/\/central42.com.br\/wp-content\/uploads\/2014\/07\/mummy.jpg\"><img loading=\"lazy\" decoding=\"async\" class=\"aligncenter wp-image-12331\" src=\"http:\/\/central42.com.br\/wp-content\/uploads\/2014\/07\/mummy.jpg\" alt=\"\" width=\"560\" height=\"394\" \/><\/a><\/p>\n<p style=\"text-align: center;\">\u2605 \u2605 \u2606 \u2606 \u2606<\/p>\n<p>Essa \u00e9 mais uma obra de Dolan como diretor e roteirista, apenas. N\u00e3o consegui encontrar grandes sinopses, mas eu assisti e recomendo. Uma m\u00e3e solteira e vi\u00fava encontra uma nova esperan\u00e7a quando um misterioso vizinho aparece.<\/p>\n<p><a href=\"http:\/\/central42.com.br\/wp-content\/uploads\/2014\/07\/xavier-dolan-mommy-affiche_0.jpg\"><img loading=\"lazy\" decoding=\"async\" class=\"aligncenter wp-image-12330\" src=\"http:\/\/central42.com.br\/wp-content\/uploads\/2014\/07\/xavier-dolan-mommy-affiche_0.jpg\" alt=\"\" width=\"560\" height=\"316\" \/><\/a><\/p>\n<address><strong><a href=\"http:\/\/central42.com.br\/wp-content\/uploads\/2014\/07\/mommy.jpg\"><img loading=\"lazy\" decoding=\"async\" class=\"alignleft size-medium wp-image-12329\" src=\"http:\/\/central42.com.br\/wp-content\/uploads\/2014\/07\/mommy-300x168.jpg\" alt=\"\" width=\"300\" height=\"168\" \/><\/a>G\u00eanero<\/strong>: Drama<br \/>\n<strong>Dire\u00e7\u00e3o<\/strong>: Xavier Dolan<br \/>\n<strong>Roteiro<\/strong>: Xavier Dolan<br \/>\n<strong>Elenco<\/strong>: Alexandre Goyette, Anne Dorval, Antoine-Olivier Pilon, Patrick Huard, Suzanne Cl\u00e9ment<br \/>\n<strong>Produ\u00e7\u00e3o<\/strong>: Nancy Grant, Xavier Dolan<\/address>\n<address>\u00a0<\/address>\n<p>&nbsp;<\/p>\n<p>Sei que sou um tanto suspeita para falar sobre Dolan, pois esse jovem diretor me encantou de tal forma a ser tornar meu diretor favorito. Espero que ele atinja voc\u00ea da mesma forma e que isso tenha uma repercuss\u00e3o t\u00e3o boa quanto teve em mim.<\/p>\n<p>Fonte: <em>http:\/\/www.cineclick.com.br<\/em><\/p>\n<p>&nbsp;<\/p>\n<script>console.log('Aud01');<\/script>","protected":false},"excerpt":{"rendered":"<p>N\u00e3o sei se j\u00e1 comentei com voc\u00eas sobre meu atual v\u00edcio em filmes franceses. Devido a aus\u00eancia, acredito que n\u00e3o. Pois bem. Agora sabem que estou numa deliciosa fase de ver filmes franceses. Ali\u00e1s, n\u00e3o sei se isso um dia ir\u00e1 acabar. Espero que n\u00e3o. Nessa minha incessante busca por indica\u00e7\u00f5es e listas de bons<\/p>\n","protected":false},"author":37,"featured_media":12630,"comment_status":"open","ping_status":"open","sticky":false,"template":"","format":"standard","meta":{"_monsterinsights_skip_tracking":false,"_monsterinsights_sitenote_active":false,"_monsterinsights_sitenote_note":"","_monsterinsights_sitenote_category":0,"footnotes":""},"categories":[32],"tags":[483,677,852,2255],"class_list":{"0":"post-12189","1":"post","2":"type-post","3":"status-publish","4":"format-standard","5":"has-post-thumbnail","7":"category-tralhas-uteis","8":"tag-cinema-2","9":"tag-dolan","10":"tag-filme-2","11":"tag-xavier"},"yoast_head":"<!-- This site is optimized with the Yoast SEO plugin v27.2 - https:\/\/yoast.com\/product\/yoast-seo-wordpress\/ -->\n<title>Dolan: O Cineasta Prod\u00edgio<\/title>\n<meta name=\"robots\" content=\"index, follow, max-snippet:-1, max-image-preview:large, max-video-preview:-1\" \/>\n<link rel=\"canonical\" href=\"https:\/\/central42.com.br\/novo\/dolan-o-cineasta-prodigio\/\" \/>\n<meta property=\"og:locale\" content=\"pt_BR\" \/>\n<meta property=\"og:type\" content=\"article\" \/>\n<meta property=\"og:title\" content=\"Dolan: O Cineasta Prod\u00edgio\" \/>\n<meta property=\"og:description\" content=\"N\u00e3o sei se j\u00e1 comentei com voc\u00eas sobre meu atual v\u00edcio em filmes franceses. Devido a aus\u00eancia, acredito que n\u00e3o. Pois bem. Agora sabem que estou numa deliciosa fase de ver filmes franceses. Ali\u00e1s, n\u00e3o sei se isso um dia ir\u00e1 acabar. Espero que n\u00e3o. Nessa minha incessante busca por indica\u00e7\u00f5es e listas de bons\" \/>\n<meta property=\"og:url\" content=\"https:\/\/central42.com.br\/novo\/dolan-o-cineasta-prodigio\/\" \/>\n<meta property=\"og:site_name\" content=\"Central 42\" \/>\n<meta property=\"article:publisher\" content=\"https:\/\/www.facebook.com\/Central42\" \/>\n<meta property=\"article:author\" content=\"https:\/\/www.facebook.com\/biancalana23\" \/>\n<meta property=\"article:published_time\" content=\"2014-07-17T18:15:10+00:00\" \/>\n<meta property=\"article:modified_time\" content=\"2014-08-08T03:06:15+00:00\" \/>\n<meta property=\"og:image\" content=\"https:\/\/central42.com.br\/novo\/wp-content\/uploads\/2014\/07\/Dilan-banner.jpg\" \/>\n\t<meta property=\"og:image:width\" content=\"660\" \/>\n\t<meta property=\"og:image:height\" content=\"330\" \/>\n\t<meta property=\"og:image:type\" content=\"image\/jpeg\" \/>\n<meta name=\"author\" content=\"Bianca Lana\" \/>\n<meta name=\"twitter:label1\" content=\"Escrito por\" \/>\n\t<meta name=\"twitter:data1\" content=\"Bianca Lana\" \/>\n\t<meta name=\"twitter:label2\" content=\"Est. tempo de leitura\" \/>\n\t<meta name=\"twitter:data2\" content=\"5 minutos\" \/>\n<script type=\"application\/ld+json\" class=\"yoast-schema-graph\">{\"@context\":\"https:\/\/schema.org\",\"@graph\":[{\"@type\":\"Article\",\"@id\":\"https:\/\/central42.com.br\/novo\/dolan-o-cineasta-prodigio\/#article\",\"isPartOf\":{\"@id\":\"https:\/\/central42.com.br\/novo\/dolan-o-cineasta-prodigio\/\"},\"author\":{\"name\":\"Bianca Lana\",\"@id\":\"https:\/\/central42.com.br\/novo\/#\/schema\/person\/f0e1c117a777d7d5d340be425e0a72e8\"},\"headline\":\"Dolan: O Cineasta Prod\u00edgio\",\"datePublished\":\"2014-07-17T18:15:10+00:00\",\"dateModified\":\"2014-08-08T03:06:15+00:00\",\"mainEntityOfPage\":{\"@id\":\"https:\/\/central42.com.br\/novo\/dolan-o-cineasta-prodigio\/\"},\"wordCount\":997,\"commentCount\":1,\"image\":{\"@id\":\"https:\/\/central42.com.br\/novo\/dolan-o-cineasta-prodigio\/#primaryimage\"},\"thumbnailUrl\":\"https:\/\/central42.com.br\/novo\/wp-content\/uploads\/2014\/07\/Dilan-banner.jpg\",\"keywords\":[\"cinema\",\"Dolan\",\"filme\",\"Xavier\"],\"articleSection\":[\"Tralhas \u00dateis\"],\"inLanguage\":\"pt-BR\",\"potentialAction\":[{\"@type\":\"CommentAction\",\"name\":\"Comment\",\"target\":[\"https:\/\/central42.com.br\/novo\/dolan-o-cineasta-prodigio\/#respond\"]}]},{\"@type\":\"WebPage\",\"@id\":\"https:\/\/central42.com.br\/novo\/dolan-o-cineasta-prodigio\/\",\"url\":\"https:\/\/central42.com.br\/novo\/dolan-o-cineasta-prodigio\/\",\"name\":\"Dolan: O Cineasta Prod\u00edgio\",\"isPartOf\":{\"@id\":\"https:\/\/central42.com.br\/novo\/#website\"},\"primaryImageOfPage\":{\"@id\":\"https:\/\/central42.com.br\/novo\/dolan-o-cineasta-prodigio\/#primaryimage\"},\"image\":{\"@id\":\"https:\/\/central42.com.br\/novo\/dolan-o-cineasta-prodigio\/#primaryimage\"},\"thumbnailUrl\":\"https:\/\/central42.com.br\/novo\/wp-content\/uploads\/2014\/07\/Dilan-banner.jpg\",\"datePublished\":\"2014-07-17T18:15:10+00:00\",\"dateModified\":\"2014-08-08T03:06:15+00:00\",\"author\":{\"@id\":\"https:\/\/central42.com.br\/novo\/#\/schema\/person\/f0e1c117a777d7d5d340be425e0a72e8\"},\"breadcrumb\":{\"@id\":\"https:\/\/central42.com.br\/novo\/dolan-o-cineasta-prodigio\/#breadcrumb\"},\"inLanguage\":\"pt-BR\",\"potentialAction\":[{\"@type\":\"ReadAction\",\"target\":[\"https:\/\/central42.com.br\/novo\/dolan-o-cineasta-prodigio\/\"]}]},{\"@type\":\"ImageObject\",\"inLanguage\":\"pt-BR\",\"@id\":\"https:\/\/central42.com.br\/novo\/dolan-o-cineasta-prodigio\/#primaryimage\",\"url\":\"https:\/\/central42.com.br\/novo\/wp-content\/uploads\/2014\/07\/Dilan-banner.jpg\",\"contentUrl\":\"https:\/\/central42.com.br\/novo\/wp-content\/uploads\/2014\/07\/Dilan-banner.jpg\",\"width\":660,\"height\":330},{\"@type\":\"BreadcrumbList\",\"@id\":\"https:\/\/central42.com.br\/novo\/dolan-o-cineasta-prodigio\/#breadcrumb\",\"itemListElement\":[{\"@type\":\"ListItem\",\"position\":1,\"name\":\"In\u00edcio\",\"item\":\"https:\/\/central42.com.br\/novo\/\"},{\"@type\":\"ListItem\",\"position\":2,\"name\":\"Dolan: O Cineasta Prod\u00edgio\"}]},{\"@type\":\"WebSite\",\"@id\":\"https:\/\/central42.com.br\/novo\/#website\",\"url\":\"https:\/\/central42.com.br\/novo\/\",\"name\":\"Central 42\",\"description\":\"Cultura e entretenimento em um \u00fanico lugar\",\"potentialAction\":[{\"@type\":\"SearchAction\",\"target\":{\"@type\":\"EntryPoint\",\"urlTemplate\":\"https:\/\/central42.com.br\/novo\/?s={search_term_string}\"},\"query-input\":{\"@type\":\"PropertyValueSpecification\",\"valueRequired\":true,\"valueName\":\"search_term_string\"}}],\"inLanguage\":\"pt-BR\"},{\"@type\":\"Person\",\"@id\":\"https:\/\/central42.com.br\/novo\/#\/schema\/person\/f0e1c117a777d7d5d340be425e0a72e8\",\"name\":\"Bianca Lana\",\"image\":{\"@type\":\"ImageObject\",\"inLanguage\":\"pt-BR\",\"@id\":\"https:\/\/secure.gravatar.com\/avatar\/8fcf4aaa385984d038b36d4b392f4a29e0f6bdf68f751fd86e270e07438b0b7e?s=96&d=wavatar&r=g\",\"url\":\"https:\/\/secure.gravatar.com\/avatar\/8fcf4aaa385984d038b36d4b392f4a29e0f6bdf68f751fd86e270e07438b0b7e?s=96&d=wavatar&r=g\",\"contentUrl\":\"https:\/\/secure.gravatar.com\/avatar\/8fcf4aaa385984d038b36d4b392f4a29e0f6bdf68f751fd86e270e07438b0b7e?s=96&d=wavatar&r=g\",\"caption\":\"Bianca Lana\"},\"description\":\"Apaixonada por religi\u00f5es, culturas e gente. Aos 17 anos, ainda n\u00e3o sabe se quer ser atriz ou artista pl\u00e1stica. Atrav\u00e9s da escrita, da m\u00fasica, da arte e do teatro, tenta dar algum sentido \u00e0 sua juventude que parece apenas um atraso para as metas da vida.\",\"sameAs\":[\"http:\/\/tralhasuteis.blogspot.com.br\/\",\"https:\/\/www.facebook.com\/biancalana23\",\"http:\/\/instagram.com\/bianca.lana\",\"https:\/\/x.com\/bia_bloom\"],\"url\":\"https:\/\/central42.com.br\/novo\/author\/biabloom\/\"}]}<\/script>\n<!-- \/ Yoast SEO plugin. -->","yoast_head_json":{"title":"Dolan: O Cineasta Prod\u00edgio","robots":{"index":"index","follow":"follow","max-snippet":"max-snippet:-1","max-image-preview":"max-image-preview:large","max-video-preview":"max-video-preview:-1"},"canonical":"https:\/\/central42.com.br\/novo\/dolan-o-cineasta-prodigio\/","og_locale":"pt_BR","og_type":"article","og_title":"Dolan: O Cineasta Prod\u00edgio","og_description":"N\u00e3o sei se j\u00e1 comentei com voc\u00eas sobre meu atual v\u00edcio em filmes franceses. Devido a aus\u00eancia, acredito que n\u00e3o. Pois bem. Agora sabem que estou numa deliciosa fase de ver filmes franceses. Ali\u00e1s, n\u00e3o sei se isso um dia ir\u00e1 acabar. Espero que n\u00e3o. Nessa minha incessante busca por indica\u00e7\u00f5es e listas de bons","og_url":"https:\/\/central42.com.br\/novo\/dolan-o-cineasta-prodigio\/","og_site_name":"Central 42","article_publisher":"https:\/\/www.facebook.com\/Central42","article_author":"https:\/\/www.facebook.com\/biancalana23","article_published_time":"2014-07-17T18:15:10+00:00","article_modified_time":"2014-08-08T03:06:15+00:00","og_image":[{"width":660,"height":330,"url":"https:\/\/central42.com.br\/novo\/wp-content\/uploads\/2014\/07\/Dilan-banner.jpg","type":"image\/jpeg"}],"author":"Bianca Lana","twitter_misc":{"Escrito por":"Bianca Lana","Est. tempo de leitura":"5 minutos"},"schema":{"@context":"https:\/\/schema.org","@graph":[{"@type":"Article","@id":"https:\/\/central42.com.br\/novo\/dolan-o-cineasta-prodigio\/#article","isPartOf":{"@id":"https:\/\/central42.com.br\/novo\/dolan-o-cineasta-prodigio\/"},"author":{"name":"Bianca Lana","@id":"https:\/\/central42.com.br\/novo\/#\/schema\/person\/f0e1c117a777d7d5d340be425e0a72e8"},"headline":"Dolan: O Cineasta Prod\u00edgio","datePublished":"2014-07-17T18:15:10+00:00","dateModified":"2014-08-08T03:06:15+00:00","mainEntityOfPage":{"@id":"https:\/\/central42.com.br\/novo\/dolan-o-cineasta-prodigio\/"},"wordCount":997,"commentCount":1,"image":{"@id":"https:\/\/central42.com.br\/novo\/dolan-o-cineasta-prodigio\/#primaryimage"},"thumbnailUrl":"https:\/\/central42.com.br\/novo\/wp-content\/uploads\/2014\/07\/Dilan-banner.jpg","keywords":["cinema","Dolan","filme","Xavier"],"articleSection":["Tralhas \u00dateis"],"inLanguage":"pt-BR","potentialAction":[{"@type":"CommentAction","name":"Comment","target":["https:\/\/central42.com.br\/novo\/dolan-o-cineasta-prodigio\/#respond"]}]},{"@type":"WebPage","@id":"https:\/\/central42.com.br\/novo\/dolan-o-cineasta-prodigio\/","url":"https:\/\/central42.com.br\/novo\/dolan-o-cineasta-prodigio\/","name":"Dolan: O Cineasta Prod\u00edgio","isPartOf":{"@id":"https:\/\/central42.com.br\/novo\/#website"},"primaryImageOfPage":{"@id":"https:\/\/central42.com.br\/novo\/dolan-o-cineasta-prodigio\/#primaryimage"},"image":{"@id":"https:\/\/central42.com.br\/novo\/dolan-o-cineasta-prodigio\/#primaryimage"},"thumbnailUrl":"https:\/\/central42.com.br\/novo\/wp-content\/uploads\/2014\/07\/Dilan-banner.jpg","datePublished":"2014-07-17T18:15:10+00:00","dateModified":"2014-08-08T03:06:15+00:00","author":{"@id":"https:\/\/central42.com.br\/novo\/#\/schema\/person\/f0e1c117a777d7d5d340be425e0a72e8"},"breadcrumb":{"@id":"https:\/\/central42.com.br\/novo\/dolan-o-cineasta-prodigio\/#breadcrumb"},"inLanguage":"pt-BR","potentialAction":[{"@type":"ReadAction","target":["https:\/\/central42.com.br\/novo\/dolan-o-cineasta-prodigio\/"]}]},{"@type":"ImageObject","inLanguage":"pt-BR","@id":"https:\/\/central42.com.br\/novo\/dolan-o-cineasta-prodigio\/#primaryimage","url":"https:\/\/central42.com.br\/novo\/wp-content\/uploads\/2014\/07\/Dilan-banner.jpg","contentUrl":"https:\/\/central42.com.br\/novo\/wp-content\/uploads\/2014\/07\/Dilan-banner.jpg","width":660,"height":330},{"@type":"BreadcrumbList","@id":"https:\/\/central42.com.br\/novo\/dolan-o-cineasta-prodigio\/#breadcrumb","itemListElement":[{"@type":"ListItem","position":1,"name":"In\u00edcio","item":"https:\/\/central42.com.br\/novo\/"},{"@type":"ListItem","position":2,"name":"Dolan: O Cineasta Prod\u00edgio"}]},{"@type":"WebSite","@id":"https:\/\/central42.com.br\/novo\/#website","url":"https:\/\/central42.com.br\/novo\/","name":"Central 42","description":"Cultura e entretenimento em um \u00fanico lugar","potentialAction":[{"@type":"SearchAction","target":{"@type":"EntryPoint","urlTemplate":"https:\/\/central42.com.br\/novo\/?s={search_term_string}"},"query-input":{"@type":"PropertyValueSpecification","valueRequired":true,"valueName":"search_term_string"}}],"inLanguage":"pt-BR"},{"@type":"Person","@id":"https:\/\/central42.com.br\/novo\/#\/schema\/person\/f0e1c117a777d7d5d340be425e0a72e8","name":"Bianca Lana","image":{"@type":"ImageObject","inLanguage":"pt-BR","@id":"https:\/\/secure.gravatar.com\/avatar\/8fcf4aaa385984d038b36d4b392f4a29e0f6bdf68f751fd86e270e07438b0b7e?s=96&d=wavatar&r=g","url":"https:\/\/secure.gravatar.com\/avatar\/8fcf4aaa385984d038b36d4b392f4a29e0f6bdf68f751fd86e270e07438b0b7e?s=96&d=wavatar&r=g","contentUrl":"https:\/\/secure.gravatar.com\/avatar\/8fcf4aaa385984d038b36d4b392f4a29e0f6bdf68f751fd86e270e07438b0b7e?s=96&d=wavatar&r=g","caption":"Bianca Lana"},"description":"Apaixonada por religi\u00f5es, culturas e gente. Aos 17 anos, ainda n\u00e3o sabe se quer ser atriz ou artista pl\u00e1stica. Atrav\u00e9s da escrita, da m\u00fasica, da arte e do teatro, tenta dar algum sentido \u00e0 sua juventude que parece apenas um atraso para as metas da vida.","sameAs":["http:\/\/tralhasuteis.blogspot.com.br\/","https:\/\/www.facebook.com\/biancalana23","http:\/\/instagram.com\/bianca.lana","https:\/\/x.com\/bia_bloom"],"url":"https:\/\/central42.com.br\/novo\/author\/biabloom\/"}]}},"_links":{"self":[{"href":"https:\/\/central42.com.br\/novo\/wp-json\/wp\/v2\/posts\/12189","targetHints":{"allow":["GET"]}}],"collection":[{"href":"https:\/\/central42.com.br\/novo\/wp-json\/wp\/v2\/posts"}],"about":[{"href":"https:\/\/central42.com.br\/novo\/wp-json\/wp\/v2\/types\/post"}],"author":[{"embeddable":true,"href":"https:\/\/central42.com.br\/novo\/wp-json\/wp\/v2\/users\/37"}],"replies":[{"embeddable":true,"href":"https:\/\/central42.com.br\/novo\/wp-json\/wp\/v2\/comments?post=12189"}],"version-history":[{"count":1,"href":"https:\/\/central42.com.br\/novo\/wp-json\/wp\/v2\/posts\/12189\/revisions"}],"predecessor-version":[{"id":12631,"href":"https:\/\/central42.com.br\/novo\/wp-json\/wp\/v2\/posts\/12189\/revisions\/12631"}],"wp:featuredmedia":[{"embeddable":true,"href":"https:\/\/central42.com.br\/novo\/wp-json\/wp\/v2\/media\/12630"}],"wp:attachment":[{"href":"https:\/\/central42.com.br\/novo\/wp-json\/wp\/v2\/media?parent=12189"}],"wp:term":[{"taxonomy":"category","embeddable":true,"href":"https:\/\/central42.com.br\/novo\/wp-json\/wp\/v2\/categories?post=12189"},{"taxonomy":"post_tag","embeddable":true,"href":"https:\/\/central42.com.br\/novo\/wp-json\/wp\/v2\/tags?post=12189"}],"curies":[{"name":"wp","href":"https:\/\/api.w.org\/{rel}","templated":true}]}}